{"id":84560,"date":"2025-09-12T09:20:00","date_gmt":"2025-09-12T15:20:00","guid":{"rendered":"https:\/\/zonaroja.com.mx\/?p=84560"},"modified":"2025-09-12T11:05:21","modified_gmt":"2025-09-12T17:05:21","slug":"con-intervencion-oportuna-de-la-seccion-22-reabren-escuela-en-huajuapan","status":"publish","type":"post","link":"https:\/\/zonaroja.com.mx\/?p=84560","title":{"rendered":"Con \u201cintervenci\u00f3n oportuna\u201d de la Secci\u00f3n 22, reabren escuela en Huajuapan"},"content":{"rendered":"\n<p>Ismael Garc\u00eda M.\/Zona Roja.<\/p>\n\n\n\n<p>Oaxaca, Oax., a 12 de septiembre de 2025.- A casi dos semanas de iniciado el ciclo escolar, hasta ayer qued\u00f3 resuelto el conflicto interno en la escuela Secundaria para Trabajadores \u201cRicardo Flores Mag\u00f3n\u201d, con el cual hoy reanudan clases.<\/p>\n\n\n\n<p>Pese al prolongado conflicto, que incluy\u00f3 amenazas con arma de fuego a los manifestantes por parte de un individuo, presuntamente transportista, la Secci\u00f3n 22 del Sindicato Nacional de Trabajadores de la Educaci\u00f3n se atribuy\u00f3 el logro:<\/p>\n\n\n\n<p>\u201cGracias a la intervenci\u00f3n oportuna de la estructura sindical de la Secci\u00f3n XXII del SNTE-CNTE, as\u00ed como a la participaci\u00f3n decidida de las madres y padres de familia, docentes y representantes sindicales, la Escuela Secundaria General \u2018Ricardo Flores Mag\u00f3n\u2019 de Huajuapan de Le\u00f3n reanudar\u00e1 sus labores, garantizando el derecho a la educaci\u00f3n de ni\u00f1as y ni\u00f1os de esta comunidad\u201d.<\/p>\n\n\n\n<p>Agreg\u00f3 en un comunicado:<\/p>\n\n\n\n<p>\u201cLa acci\u00f3n colectiva demostr\u00f3 una vez m\u00e1s que la defensa de la educaci\u00f3n p\u00fablica y de los derechos laborales no es tarea aislada, sino un esfuerzo conjunto entre pueblo y magisterio democr\u00e1tico.&nbsp;<\/p>\n\n\n\n<p>\u201cLa r\u00e1pida respuesta de la Secci\u00f3n XXII reafirma su compromiso hist\u00f3rico de actuar en beneficio de las comunidades y de mantener viva la lucha social, atendiendo los problemas que buscan vulnerar la estabilidad educativa\u201d.<\/p>\n\n\n\n<p>De manera extraoficial se dio a conocer que para solucionar el conflicto educativo interno, fue destituida la presidenta de la asociaci\u00f3n de padres de familia, Juana Delfina Osorio Mata; asimismo, fue reemplazado el director del plantel y asumi\u00f3 el cargo Vladimir Cruz Luis.<\/p>\n\n\n\n<p>En su comunicado emitido ayer, la Secci\u00f3n 22 reiter\u00f3 que \u201cpermanece firme en su labor de acompa\u00f1ar a las bases y a las comunidades para resolver de manera justa los conflictos, fortaleciendo el v\u00ednculo escuela\u2013comunidad y defendiendo la educaci\u00f3n p\u00fablica como un derecho irrenunciable\u201d.<\/p>\n","protected":false},"excerpt":{"rendered":"<p>Ismael Garc\u00eda M.\/Zona Roja. Oaxaca, Oax., a 12 de septiembre de 2025.- A casi dos&hellip;<\/p>\n","protected":false},"author":2,"featured_media":84561,"comment_status":"closed","ping_status":"open","sticky":false,"template":"","format":"standard","meta":{"_lmt_disableupdate":"","_lmt_disable":"","_jetpack_memberships_contains_paid_content":false,"footnotes":""},"categories":[109,46],"tags":[594],"class_list":["post-84560","post","type-post","status-publish","format-standard","has-post-thumbnail","hentry","category-minuto-a-minuto","category-zona-blanca","tag-huajuapan-de-leon"],"jetpack_featured_media_url":"https:\/\/zonaroja.com.mx\/wp-content\/uploads\/2025\/09\/Conflicto-secundaria-para-trabajadores-Huajuapan.jpg","jetpack_sharing_enabled":true,"_links":{"self":[{"href":"https:\/\/zonaroja.com.mx\/index.php?rest_route=\/wp\/v2\/posts\/84560","targetHints":{"allow":["GET"]}}],"collection":[{"href":"https:\/\/zonaroja.com.mx\/index.php?rest_route=\/wp\/v2\/posts"}],"about":[{"href":"https:\/\/zonaroja.com.mx\/index.php?rest_route=\/wp\/v2\/types\/post"}],"author":[{"embeddable":true,"href":"https:\/\/zonaroja.com.mx\/index.php?rest_route=\/wp\/v2\/users\/2"}],"replies":[{"embeddable":true,"href":"https:\/\/zonaroja.com.mx\/index.php?rest_route=%2Fwp%2Fv2%2Fcomments&post=84560"}],"version-history":[{"count":1,"href":"https:\/\/zonaroja.com.mx\/index.php?rest_route=\/wp\/v2\/posts\/84560\/revisions"}],"predecessor-version":[{"id":84562,"href":"https:\/\/zonaroja.com.mx\/index.php?rest_route=\/wp\/v2\/posts\/84560\/revisions\/84562"}],"wp:featuredmedia":[{"embeddable":true,"href":"https:\/\/zonaroja.com.mx\/index.php?rest_route=\/wp\/v2\/media\/84561"}],"wp:attachment":[{"href":"https:\/\/zonaroja.com.mx\/index.php?rest_route=%2Fwp%2Fv2%2Fmedia&parent=84560"}],"wp:term":[{"taxonomy":"category","embeddable":true,"href":"https:\/\/zonaroja.com.mx\/index.php?rest_route=%2Fwp%2Fv2%2Fcategories&post=84560"},{"taxonomy":"post_tag","embeddable":true,"href":"https:\/\/zonaroja.com.mx\/index.php?rest_route=%2Fwp%2Fv2%2Ftags&post=84560"}],"curies":[{"name":"wp","href":"https:\/\/api.w.org\/{rel}","templated":true}]}}