{"id":84563,"date":"2025-09-12T11:15:00","date_gmt":"2025-09-12T17:15:00","guid":{"rendered":"https:\/\/zonaroja.com.mx\/?p=84563"},"modified":"2025-09-12T08:06:26","modified_gmt":"2025-09-12T14:06:26","slug":"historico-sentencian-a-27-anos-de-prision-a-ex-presidente-de-brasil","status":"publish","type":"post","link":"https:\/\/zonaroja.com.mx\/?p=84563","title":{"rendered":"Hist\u00f3rico: sentencian a 27 a\u00f1os de prisi\u00f3n a ex presidente de Brasil"},"content":{"rendered":"\n<p>Redacci\u00f3n\/Zona Roja Cdmx.<\/p>\n\n\n\n<p>Ciudad de M\u00e9xico, a 12 de septiembre de 2025.- Que el ex presidente brasile\u00f1o Jair Bolsonaro (2019-2023) ser\u00eda condenado en el juicio que enfrentaba en el Supremo Tribunal Federal (STF), instancia m\u00e1xima de la justicia en Brasil, era esperado por todos, para empezar por el ahora reo.&nbsp;<\/p>\n\n\n\n<p>Lo que nadie se arriesgaba a prever era el tama\u00f1o de la pena que le ser\u00eda aplicada. Una cosa era cierta: ser\u00eda elevada lo suficiente para alcanzar a encarcelarlo.<\/p>\n\n\n\n<p>El juicio empez\u00f3 el martes 8 de septiembre y la sentencia se esperaba para este viernes. Pero este jueves se junt\u00f3 la mayor\u00eda suficiente para condenarlo y el fallo determinado fue de 27 a\u00f1os y tres meses, de los cuales 24 a\u00f1os y nueve meses deber\u00e1n ser cumplidos en prisi\u00f3n a r\u00e9gimen cerrado.<\/p>\n\n\n\n<p>Nunca antes en la historia de Brasil un ex presidente fue juzgado, condenado y mandado a la c\u00e1rcel.<\/p>\n\n\n\n<p>Hasta anoche no se sab\u00eda adonde ser\u00eda conducido Bolsonaro, y si le ser\u00eda permitido cumplir prisi\u00f3n domiciliaria. Tambi\u00e9n se especulaba sobre la posibilidad de que se redujeran los 24 a\u00f1os y nueve meses de c\u00e1rcel previstos.<\/p>\n\n\n\n<p>El ultraderechista padece varias enfermedades, y por eso se conjeturaba sobre la posibilidad de que pueda cumplir la pena en prisi\u00f3n domiciliaria.<\/p>\n\n\n\n<p>Las otras posibilidades ser\u00edan permanecer en una c\u00e1rcel com\u00fan, o \u2013 gracias a ser capit\u00e1n retirado \u2013 ser conducido a alguna instalaci\u00f3n militar.<\/p>\n\n\n\n<p>El ej\u00e9rcito, sin embargo, filtr\u00f3 a los medios de comunicaci\u00f3n que no est\u00e1 dispuesto a recibirlo en alguna de sus instalaciones.<\/p>\n\n\n\n<p>Bolsonaro fue juzgado y condenado por haber incitado a un golpe de Estado para impedir que su adversario en las elecciones de 2020, Luiz In\u00e1cio Lula da Silva, asumiese el puesto para el cual fue elegido por un estrecho pero incuestionable margen de votos (51 por ciento para Lula contra 49 por ciento de los sufragios para Bolsonaro).<\/p>\n\n\n\n<p>Para eso moviliz\u00f3 multitudes en actos callejeros, muchos de ellos plagados de violencia, trat\u00f3 de movilizar a las fuerzas militares \u2013no lo logr\u00f3 porque el ej\u00e9rcito y la aeron\u00e1utica se negaron a sumarse al entonces comandante de la marina\u2013 en un movimiento igualmente in\u00e9dito en la historia de la rep\u00fablica en Brasil.<\/p>\n\n\n\n<p>Otros de los cargos que se le imputaron fueron organizaci\u00f3n criminal armada, intento de abolici\u00f3n violenta del Estado de Derecho, da\u00f1os calificados por violencia y amenaza grave y deterioro del patrimonio hist\u00f3rico.<\/p>\n\n\n\n<p>Sometido a una serie de medidas restrictivas por el presidente del STF, Alexandre de Moraes, Bolsonaro dej\u00f3 de cumplir varias de ellas. Por eso fue puesto en prisi\u00f3n domiciliaria y sometido a una intensa vigilancia policial.<\/p>\n\n\n\n<p>Tras conocerse la sentencia, Celso Vilardi y Paulo da Cunha Bueno, abogados defensores de Bolsonaro anunciaron que apelar\u00e1n y agotar\u00e1n todas las v\u00edas, incluidos organismos internacionales.<\/p>\n\n\n\n<p>(Informaci\u00f3n de \u201cLa Jornada\u201d)<\/p>\n","protected":false},"excerpt":{"rendered":"<p>Redacci\u00f3n\/Zona Roja Cdmx. Ciudad de M\u00e9xico, a 12 de septiembre de 2025.- Que el ex&hellip;<\/p>\n","protected":false},"author":2,"featured_media":84564,"comment_status":"closed","ping_status":"open","sticky":false,"template":"","format":"standard","meta":{"_lmt_disableupdate":"","_lmt_disable":"","_jetpack_memberships_contains_paid_content":false,"footnotes":""},"categories":[109,47],"tags":[4447],"class_list":["post-84563","post","type-post","status-publish","format-standard","has-post-thumbnail","hentry","category-minuto-a-minuto","category-zona-gris","tag-jair-bolsonaro"],"jetpack_featured_media_url":"https:\/\/zonaroja.com.mx\/wp-content\/uploads\/2025\/09\/Jair-Bolsonaro-Brasil.jpg.webp","jetpack_sharing_enabled":true,"_links":{"self":[{"href":"https:\/\/zonaroja.com.mx\/index.php?rest_route=\/wp\/v2\/posts\/84563","targetHints":{"allow":["GET"]}}],"collection":[{"href":"https:\/\/zonaroja.com.mx\/index.php?rest_route=\/wp\/v2\/posts"}],"about":[{"href":"https:\/\/zonaroja.com.mx\/index.php?rest_route=\/wp\/v2\/types\/post"}],"author":[{"embeddable":true,"href":"https:\/\/zonaroja.com.mx\/index.php?rest_route=\/wp\/v2\/users\/2"}],"replies":[{"embeddable":true,"href":"https:\/\/zonaroja.com.mx\/index.php?rest_route=%2Fwp%2Fv2%2Fcomments&post=84563"}],"version-history":[{"count":1,"href":"https:\/\/zonaroja.com.mx\/index.php?rest_route=\/wp\/v2\/posts\/84563\/revisions"}],"predecessor-version":[{"id":84565,"href":"https:\/\/zonaroja.com.mx\/index.php?rest_route=\/wp\/v2\/posts\/84563\/revisions\/84565"}],"wp:featuredmedia":[{"embeddable":true,"href":"https:\/\/zonaroja.com.mx\/index.php?rest_route=\/wp\/v2\/media\/84564"}],"wp:attachment":[{"href":"https:\/\/zonaroja.com.mx\/index.php?rest_route=%2Fwp%2Fv2%2Fmedia&parent=84563"}],"wp:term":[{"taxonomy":"category","embeddable":true,"href":"https:\/\/zonaroja.com.mx\/index.php?rest_route=%2Fwp%2Fv2%2Fcategories&post=84563"},{"taxonomy":"post_tag","embeddable":true,"href":"https:\/\/zonaroja.com.mx\/index.php?rest_route=%2Fwp%2Fv2%2Ftags&post=84563"}],"curies":[{"name":"wp","href":"https:\/\/api.w.org\/{rel}","templated":true}]}}