{"id":84571,"date":"2025-09-12T12:11:00","date_gmt":"2025-09-12T18:11:00","guid":{"rendered":"https:\/\/zonaroja.com.mx\/?p=84571"},"modified":"2025-09-12T08:13:00","modified_gmt":"2025-09-12T14:13:00","slug":"a-mas-de-10-anos-tribunal-analiza-amparos-de-3-defensores-de-eloxochitlan","status":"publish","type":"post","link":"https:\/\/zonaroja.com.mx\/?p=84571","title":{"rendered":"A m\u00e1s de 10 a\u00f1os, Tribunal analiza amparos de 3 defensores de Eloxochitl\u00e1n\u00a0"},"content":{"rendered":"\n<p>Lisbeth Mej\u00eda Reyes\/Zona Roja. Foto: Archivo.<\/p>\n\n\n\n<p>Oaxaca, Oax., a 12 de septiembre de 2025.- Mujeres Mazatecas por la Libertad informaron que este jueves 11 de septiembre, luego de m\u00e1s de 10 a\u00f1os de espera, se celebraron tres audiencias de juicios de amparo para los defensores mazatecos Jacob Betanzos, Ranulfo Vidauria y Rogelio L\u00f3pez, de Eloxochitl\u00e1n de Flores Mag\u00f3n, y que han sido criminalizados por defender a su comunidad y r\u00edo en esta parte de la regi\u00f3n Sierra de Flores Mag\u00f3n, Oaxaca.<\/p>\n\n\n\n<p>La abogada Argelia Betanzos, integrante del grupo y quien ha representado jur\u00eddicamente a estos defensores y otros, explic\u00f3 que Jacob y los dem\u00e1s est\u00e1n acusados de homicidio y de intento de homicidio por presuntos hechos ocurridos en diciembre de 2014 en contra del grupo caciquil del ex presidente Manuel Zepeda y la hija de este, la diputada local Elisa Zepeda.<\/p>\n\n\n\n<p>\u00abEn el juzgado quinto de Distrito, a cargo del juez Mario de la Medida Soto, se est\u00e1n estudiando y deliberando estos asuntos. Hoy el Instituto Federal de la Defensor\u00eda P\u00fablica present\u00f3 los alegatos para cada compa\u00f1ero perseguido y se espera sea la concesi\u00f3n del amparo\u00bb, expres\u00f3 la abogada.<\/p>\n\n\n\n<p>Sin embargo, dijo que ser\u00e1 en pr\u00f3ximas fechas cuando se d\u00e9 la resoluci\u00f3n, la cual esperan que sea favorable, a fin de que se cancelen las \u00f3rdenes de aprehensi\u00f3n en su contra.<\/p>\n\n\n\n<p>\u00abEl Instituto Federal de la Defensor\u00eda P\u00fablica present\u00f3 alegatos en favor de los defensores mazatecas junto con una serie de pruebas que demuestran c\u00f3mo la raz\u00f3n asiste a los compa\u00f1eros\u00bb, ahond\u00f3 la tambi\u00e9n defensora sobre \u00abuna cantidad inmensa de inconsistencias y contradicciones en la acusaci\u00f3n sobre la cual se basan las \u00f3rdenes de aprehensi\u00f3n de delitos de homicidio y tentativa de homicidio\u00bb.<\/p>\n\n\n\n<p>Betanzos detall\u00f3 que en las audiencias tambi\u00e9n se exhort\u00f3 al juzgado a \u00abconsiderar el c\u00famulo de antecedentes ganados por la comunidad contra estas acusaciones fabricadas\u00bb. Es decir, tantorlos amparos federales ganados contra las acusaciones de homicidio y tentativa de homicidio comonlos autos de libertad ganados en apelaci\u00f3n y emitidos por las Salas del Tribunal Superior<\/p>\n\n\n\n<p>de Justicia del Estado de Oaxaca de los delitos de homicidio y tentativa de homicidio.<\/p>\n\n\n\n<p>Al igual que los amparos para los tres defensores mazatecos, el colectivo de Mujeres Mazatecas por la Libertad exige al Poder Judicial cancelar las m\u00e1s de 200 \u00f3rdenes de aprehensi\u00f3n contra las y los 57 defensores, \u00abcuyos delitos est\u00e1n prescritos como ya lo sentaron antecedentes federales y locales\u00bb. Asimismo, exige la libertad para Miguel Peralta, \u00abla cual le debe ser devuelta por el primer tribunal colegiado en el Estado de Oaxaca\u201d.<\/p>\n","protected":false},"excerpt":{"rendered":"<p>Lisbeth Mej\u00eda Reyes\/Zona Roja. Foto: Archivo. Oaxaca, Oax., a 12 de septiembre de 2025.- Mujeres&hellip;<\/p>\n","protected":false},"author":2,"featured_media":65487,"comment_status":"closed","ping_status":"open","sticky":false,"template":"","format":"standard","meta":{"_lmt_disableupdate":"","_lmt_disable":"","_jetpack_memberships_contains_paid_content":false,"footnotes":""},"categories":[109,47],"tags":[719],"class_list":["post-84571","post","type-post","status-publish","format-standard","has-post-thumbnail","hentry","category-minuto-a-minuto","category-zona-gris","tag-eloxochitlan-de-flores-magon"],"jetpack_featured_media_url":"https:\/\/zonaroja.com.mx\/wp-content\/uploads\/2024\/02\/Protesta-familiares-activistas-Eloxochitlan.jpg","jetpack_sharing_enabled":true,"_links":{"self":[{"href":"https:\/\/zonaroja.com.mx\/index.php?rest_route=\/wp\/v2\/posts\/84571","targetHints":{"allow":["GET"]}}],"collection":[{"href":"https:\/\/zonaroja.com.mx\/index.php?rest_route=\/wp\/v2\/posts"}],"about":[{"href":"https:\/\/zonaroja.com.mx\/index.php?rest_route=\/wp\/v2\/types\/post"}],"author":[{"embeddable":true,"href":"https:\/\/zonaroja.com.mx\/index.php?rest_route=\/wp\/v2\/users\/2"}],"replies":[{"embeddable":true,"href":"https:\/\/zonaroja.com.mx\/index.php?rest_route=%2Fwp%2Fv2%2Fcomments&post=84571"}],"version-history":[{"count":1,"href":"https:\/\/zonaroja.com.mx\/index.php?rest_route=\/wp\/v2\/posts\/84571\/revisions"}],"predecessor-version":[{"id":84572,"href":"https:\/\/zonaroja.com.mx\/index.php?rest_route=\/wp\/v2\/posts\/84571\/revisions\/84572"}],"wp:featuredmedia":[{"embeddable":true,"href":"https:\/\/zonaroja.com.mx\/index.php?rest_route=\/wp\/v2\/media\/65487"}],"wp:attachment":[{"href":"https:\/\/zonaroja.com.mx\/index.php?rest_route=%2Fwp%2Fv2%2Fmedia&parent=84571"}],"wp:term":[{"taxonomy":"category","embeddable":true,"href":"https:\/\/zonaroja.com.mx\/index.php?rest_route=%2Fwp%2Fv2%2Fcategories&post=84571"},{"taxonomy":"post_tag","embeddable":true,"href":"https:\/\/zonaroja.com.mx\/index.php?rest_route=%2Fwp%2Fv2%2Ftags&post=84571"}],"curies":[{"name":"wp","href":"https:\/\/api.w.org\/{rel}","templated":true}]}}