{"id":84573,"date":"2025-09-12T13:13:00","date_gmt":"2025-09-12T19:13:00","guid":{"rendered":"https:\/\/zonaroja.com.mx\/?p=84573"},"modified":"2025-09-12T08:15:22","modified_gmt":"2025-09-12T14:15:22","slug":"crece-3-31-trafico-de-pasajeros-en-aeropuertos-de-oaxaca","status":"publish","type":"post","link":"https:\/\/zonaroja.com.mx\/?p=84573","title":{"rendered":"Crece 3.31% tr\u00e1fico de pasajeros en aeropuertos de Oaxaca"},"content":{"rendered":"\n<p>Redacci\u00f3n\/Zona Roja.&nbsp;<\/p>\n\n\n\n<p>Oaxaca, Oax., a 12 de septiembre de 2025.- La Secretar\u00eda de Turismo del Estado (Sectur Oaxaca) inform\u00f3 que, de enero a agosto de este a\u00f1o, los cuatro aeropuertos de la entidad registraron un incremento de 3.31 por ciento en el tr\u00e1fico a\u00e9reo, en comparaci\u00f3n con el mismo periodo del a\u00f1o anterior.<\/p>\n\n\n\n<p>La dependencia se\u00f1al\u00f3 que de acuerdo con informaci\u00f3n de Aeropuertos y Servicios Auxiliares (ASA), de Grupo Aeroportuario del Sureste (Asur) y el Grupo Aeroportuario Tur\u00edstico Mexicano (GATM), las terminales a\u00e9reas registraron en este periodo 2 millones 444 mil 696 personas atendidas.<\/p>\n\n\n\n<p>La ocupaci\u00f3n promedio fue de 81.47 por ciento, lo que represent\u00f3 un crecimiento de 1.74 puntos porcentuales respecto al mismo periodo del 2024; adem\u00e1s, se dispuso de un mill\u00f3n 444 mil 882 asientos disponibles, lo que signific\u00f3 el incremento de 6 mil 883 m\u00e1s.<\/p>\n\n\n\n<p>En el Aeropuerto Internacional de Oaxaca, con conexiones a destinos como Ciudad de M\u00e9xico, el Aeropuerto Internacional Felipe \u00c1ngeles (AIFA), Monterrey, Tijuana, M\u00e9rida, Canc\u00fan, Guadalajara, Los \u00c1ngeles, Houston y Dallas; se registr\u00f3 una ocupaci\u00f3n a\u00e9rea del 81.45 por ciento, que represent\u00f3 el crecimiento de 1.78 puntos porcentuales.<\/p>\n\n\n\n<p>En tanto, el Aeropuerto Internacional de Bah\u00edas de Huatulco, alcanz\u00f3 una ocupaci\u00f3n del 82.83 por ciento que, en comparaci\u00f3n con el a\u00f1o anterior, creci\u00f3 el 2.05 por ciento; con conexiones hacia la Ciudad de M\u00e9xico, AIFA, Guadalajara, Monterrey, Toronto, Calgary, Vancouver, Edmonton, Winnipeg y Dallas.<\/p>\n\n\n\n<p>El Aeropuerto Internacional de Puerto Escondido con conectividad a la Ciudad de M\u00e9xico, AIFA, Monterrey, Guadalajara y Houston; tuvo una ocupaci\u00f3n del 81.18 por ciento, lo que signific\u00f3 un crecimiento de 2.18 puntos porcentuales.<\/p>\n\n\n\n<p>En tanto, en la terminal a\u00e9rea de Ciudad Ixtepec, registr\u00f3 un incremento del 9.81 por ciento en el tr\u00e1fico a\u00e9reo con un acumulado de 8 mil 699 personas pasajeras atendidas, adem\u00e1s de un 50.77 por ciento m\u00e1s en los asientos, al registrar 9 mil 46 disponibles.<\/p>\n\n\n\n<p>En el mes de agosto las terminales tuvieron un total de mil 42 frecuencias acumuladas, 185 mil 179 asientos disponibles, un porcentaje de ocupaci\u00f3n del 81.05 por ciento y un tr\u00e1fico a\u00e9reo de pasajeros de 314 mil 859 personas, lo que significa 16 mil 198 m\u00e1s que en el mismo mes de 2024.<\/p>\n","protected":false},"excerpt":{"rendered":"<p>Redacci\u00f3n\/Zona Roja.&nbsp; Oaxaca, Oax., a 12 de septiembre de 2025.- La Secretar\u00eda de Turismo del&hellip;<\/p>\n","protected":false},"author":2,"featured_media":82362,"comment_status":"closed","ping_status":"open","sticky":false,"template":"","format":"standard","meta":{"_lmt_disableupdate":"","_lmt_disable":"","_jetpack_memberships_contains_paid_content":false,"footnotes":""},"categories":[109,46],"tags":[1031],"class_list":["post-84573","post","type-post","status-publish","format-standard","has-post-thumbnail","hentry","category-minuto-a-minuto","category-zona-blanca","tag-secretaria-de-turismo-oaxaca"],"jetpack_featured_media_url":"https:\/\/zonaroja.com.mx\/wp-content\/uploads\/2025\/07\/Vuelos-aeropuerto-Oaxaca.jpg","jetpack_sharing_enabled":true,"_links":{"self":[{"href":"https:\/\/zonaroja.com.mx\/index.php?rest_route=\/wp\/v2\/posts\/84573","targetHints":{"allow":["GET"]}}],"collection":[{"href":"https:\/\/zonaroja.com.mx\/index.php?rest_route=\/wp\/v2\/posts"}],"about":[{"href":"https:\/\/zonaroja.com.mx\/index.php?rest_route=\/wp\/v2\/types\/post"}],"author":[{"embeddable":true,"href":"https:\/\/zonaroja.com.mx\/index.php?rest_route=\/wp\/v2\/users\/2"}],"replies":[{"embeddable":true,"href":"https:\/\/zonaroja.com.mx\/index.php?rest_route=%2Fwp%2Fv2%2Fcomments&post=84573"}],"version-history":[{"count":1,"href":"https:\/\/zonaroja.com.mx\/index.php?rest_route=\/wp\/v2\/posts\/84573\/revisions"}],"predecessor-version":[{"id":84574,"href":"https:\/\/zonaroja.com.mx\/index.php?rest_route=\/wp\/v2\/posts\/84573\/revisions\/84574"}],"wp:featuredmedia":[{"embeddable":true,"href":"https:\/\/zonaroja.com.mx\/index.php?rest_route=\/wp\/v2\/media\/82362"}],"wp:attachment":[{"href":"https:\/\/zonaroja.com.mx\/index.php?rest_route=%2Fwp%2Fv2%2Fmedia&parent=84573"}],"wp:term":[{"taxonomy":"category","embeddable":true,"href":"https:\/\/zonaroja.com.mx\/index.php?rest_route=%2Fwp%2Fv2%2Fcategories&post=84573"},{"taxonomy":"post_tag","embeddable":true,"href":"https:\/\/zonaroja.com.mx\/index.php?rest_route=%2Fwp%2Fv2%2Ftags&post=84573"}],"curies":[{"name":"wp","href":"https:\/\/api.w.org\/{rel}","templated":true}]}}