{"id":84577,"date":"2025-09-12T16:27:29","date_gmt":"2025-09-12T22:27:29","guid":{"rendered":"https:\/\/zonaroja.com.mx\/?p=84577"},"modified":"2025-09-12T16:27:29","modified_gmt":"2025-09-12T22:27:29","slug":"siguen-los-asesinatos-entre-triquis-y-las-acusaciones-mediaticas","status":"publish","type":"post","link":"https:\/\/zonaroja.com.mx\/?p=84577","title":{"rendered":"Siguen los asesinatos entre triquis\u2026 y las acusaciones medi\u00e1ticas&nbsp;"},"content":{"rendered":"\n<p>Lisbeth Mej\u00eda Reyes\/Zona Roja.&nbsp;<\/p>\n\n\n\n<p>Oaxaca, Oax., a 12 de septiembre de 2025.- El Movimiento de Unificaci\u00f3n y Lucha Triqui (MULT) denunci\u00f3 este viernes que en lo que va de la actual administraci\u00f3n estatal de Oaxaca han sido asesinados 20 integrantes de la organizaci\u00f3n, cr\u00edmenes de los que culpa al MULTI y por los cuales no ha tenido justicia.<\/p>\n\n\n\n<p>El \u00faltimo de los asesinatos fue el de su compa\u00f1ero Cliserio Ram\u00edrez Mart\u00ednez, ocurrido en un ataque armado del 11 de septiembre en Tierra Blanca, Copala.&nbsp;<\/p>\n\n\n\n<p>La organizaci\u00f3n acus\u00f3 a Macario Garc\u00eda Merino y Horacio Santiago Garc\u00eda, \u00abjefes paramilitares del Movimiento de Unificaci\u00f3n y Lucha Triqui Independiente\u00bb (MULTI).<\/p>\n\n\n\n<p>El ataque, dijo, fue con armas de alto poder y sin que les importara la presencia de ni\u00f1os en clases o de mujeres y ancianos en sus hogares.<\/p>\n\n\n\n<p>La representaci\u00f3n expuso que inform\u00f3 a la Secretar\u00eda de Gobierno para detener la agresi\u00f3n o \u00abpor lo menos para persuadir el ataque con la presencia del cuerpo de seguridad estatal y la Guardia Nacional, sin que estos tomaran alguna acci\u00f3n para garantizar la vida\u00bb.<\/p>\n\n\n\n<p>Ante esto, exigi\u00f3 a las autoridades correspondientes \u00abejecutar inmediatamente las \u00f3rdenes de aprehensi\u00f3n pendientes en contra de Macario Garc\u00eda Merino y Horacio Santiago Garc\u00eda, que son los cabecillas de este grupo paramilitar denominado MULTI\u00bb.<\/p>\n\n\n\n<p>De igual manera, demand\u00f3 nuevamente al gobierno estatal y al federal la instalaci\u00f3n de puntos de vigilancia en la zona.<\/p>\n\n\n\n<p>CONTRADICEN<\/p>\n\n\n\n<p>Sin embargo, en un comunicado, el MULTI se deslind\u00f3 de los ataques en contra del MULT y acus\u00f3 a la organizaci\u00f3n de otro asesinato en contra de uno de sus integrantes, ocurrido tambi\u00e9n el jueves, pero en Santiago Juxtlahuaca: \u00abAlonso Rodr\u00edguez Ram\u00edrez, desplazados de Tierra Blanca Copala\u00bb.<\/p>\n\n\n\n<p>En su pronunciamiento de fecha 12 de septiembre, el MULTI se\u00f1al\u00f3 espec\u00edficamente a \u00abEmelia Ortiz, Epifanio Ortiz, Florentino Ortiz, Eleazar Ortiz y sus paramilitares\u00bb, a quienes acusa de haber \u00absembrado sangre y dolor en la naci\u00f3n triqui\u00bb.<\/p>\n\n\n\n<p>Tambi\u00e9n exigi\u00f3 la intervenci\u00f3n del gobierno estatal y el federal y a la Fiscal\u00eda General del Estado de Oaxaca para que detengan a estas personas.<\/p>\n","protected":false},"excerpt":{"rendered":"<p>Lisbeth Mej\u00eda Reyes\/Zona Roja.&nbsp; Oaxaca, Oax., a 12 de septiembre de 2025.- El Movimiento de&hellip;<\/p>\n","protected":false},"author":2,"featured_media":84576,"comment_status":"closed","ping_status":"open","sticky":false,"template":"","format":"standard","meta":{"_lmt_disableupdate":"","_lmt_disable":"","_jetpack_memberships_contains_paid_content":false,"footnotes":""},"categories":[109,51],"tags":[2037,2411,525],"class_list":["post-84577","post","type-post","status-publish","format-standard","has-post-thumbnail","hentry","category-minuto-a-minuto","category-zona-roja","tag-indigenas-triquis-copala","tag-movimiento-de-unificacion-y-lucha-triqui-independiente-multi","tag-mult"],"jetpack_featured_media_url":"https:\/\/zonaroja.com.mx\/wp-content\/uploads\/2025\/09\/img_1502.jpg","jetpack_sharing_enabled":true,"_links":{"self":[{"href":"https:\/\/zonaroja.com.mx\/index.php?rest_route=\/wp\/v2\/posts\/84577","targetHints":{"allow":["GET"]}}],"collection":[{"href":"https:\/\/zonaroja.com.mx\/index.php?rest_route=\/wp\/v2\/posts"}],"about":[{"href":"https:\/\/zonaroja.com.mx\/index.php?rest_route=\/wp\/v2\/types\/post"}],"author":[{"embeddable":true,"href":"https:\/\/zonaroja.com.mx\/index.php?rest_route=\/wp\/v2\/users\/2"}],"replies":[{"embeddable":true,"href":"https:\/\/zonaroja.com.mx\/index.php?rest_route=%2Fwp%2Fv2%2Fcomments&post=84577"}],"version-history":[{"count":1,"href":"https:\/\/zonaroja.com.mx\/index.php?rest_route=\/wp\/v2\/posts\/84577\/revisions"}],"predecessor-version":[{"id":84578,"href":"https:\/\/zonaroja.com.mx\/index.php?rest_route=\/wp\/v2\/posts\/84577\/revisions\/84578"}],"wp:featuredmedia":[{"embeddable":true,"href":"https:\/\/zonaroja.com.mx\/index.php?rest_route=\/wp\/v2\/media\/84576"}],"wp:attachment":[{"href":"https:\/\/zonaroja.com.mx\/index.php?rest_route=%2Fwp%2Fv2%2Fmedia&parent=84577"}],"wp:term":[{"taxonomy":"category","embeddable":true,"href":"https:\/\/zonaroja.com.mx\/index.php?rest_route=%2Fwp%2Fv2%2Fcategories&post=84577"},{"taxonomy":"post_tag","embeddable":true,"href":"https:\/\/zonaroja.com.mx\/index.php?rest_route=%2Fwp%2Fv2%2Ftags&post=84577"}],"curies":[{"name":"wp","href":"https:\/\/api.w.org\/{rel}","templated":true}]}}