{"id":84587,"date":"2025-09-13T07:45:00","date_gmt":"2025-09-13T13:45:00","guid":{"rendered":"https:\/\/zonaroja.com.mx\/?p=84587"},"modified":"2025-09-13T06:32:24","modified_gmt":"2025-09-13T12:32:24","slug":"dictan-66-anos-de-prision-a-mujer-responsable-de-feminicidio-en-xoxocotlan","status":"publish","type":"post","link":"https:\/\/zonaroja.com.mx\/?p=84587","title":{"rendered":"Dictan 66 a\u00f1os de prisi\u00f3n a mujer responsable de feminicidio en Xoxocotl\u00e1n"},"content":{"rendered":"\n<p>Redacci\u00f3n\/Zona Roja.&nbsp;<\/p>\n\n\n\n<p>Oaxaca, Oax., a 13 de septiembre de 2025.- La Fiscal\u00eda General del Estado de Oaxaca (FGEO) obtuvo sentencia condenatoria de 66 a\u00f1os y ocho meses de prisi\u00f3n en contra de una persona del sexo femenino identificada como Doral\u00ed G.C., responsable del delito de feminicidio agravado en agravio de D.I.H.V., cometido en la regi\u00f3n de los Valles Centrales.<\/p>\n\n\n\n<p>De acuerdo con la causa penal, los hechos ocurrieron el 16 de diciembre de 2020, en un domicilio ubicado en la colonia La Florida, jurisdicci\u00f3n de Santa Cruz Xoxocotl\u00e1n, donde la sentenciada llev\u00f3 a otra persona a quien dio indicaciones para agredir con un objeto punzo cortante a la v\u00edctima, quien perdi\u00f3 la vida como consecuencia de las lesiones que sufri\u00f3.&nbsp;<\/p>\n\n\n\n<p>Las indagatorias revelan que, tras cometer el delito, los agresores fueron sorprendidos y descubiertos por familiares de la v\u00edctima. Por lo que, huyeron del lugar.<\/p>\n\n\n\n<p>Ante estos hechos, la FGEO inici\u00f3 las investigaciones correspondientes -a trav\u00e9s de la Fiscal\u00eda Especializada para la Atenci\u00f3n a Delitos contra la Mujer por Raz\u00f3n de G\u00e9nero y la Fiscal\u00eda para la Atenci\u00f3n e Investigaci\u00f3n de Feminicidios- las cuales permitieron trazar las l\u00edneas de investigaci\u00f3n que llevaron a la localizaci\u00f3n y posterior detenci\u00f3n de Doral\u00ed G.C.<\/p>\n\n\n\n<p>Derivado de las investigaciones presentadas por la Fiscal\u00eda de Oaxaca, el Tribunal de Enjuiciamiento determin\u00f3 dictar sentencia condenatoria en contra de Doral\u00ed G.C., a quien impusieron una pena de 66 a\u00f1os y ocho meses de prisi\u00f3n por su responsabilidad en el delito de feminicidio agravado, adem\u00e1s imponer el pago de una multa y el pago por concepto de la a reparaci\u00f3n del da\u00f1o a favor de las v\u00edctimas indirectas.<\/p>\n\n\n\n<figure class=\"wp-block-image size-full\"><img decoding=\"async\" width=\"800\" height=\"411\" src=\"https:\/\/zonaroja.com.mx\/wp-content\/uploads\/2025\/09\/Detenido-drogas-Colotepec.jpeg\" alt=\"\" class=\"wp-image-84588\" srcset=\"https:\/\/zonaroja.com.mx\/wp-content\/uploads\/2025\/09\/Detenido-drogas-Colotepec.jpeg 800w, https:\/\/zonaroja.com.mx\/wp-content\/uploads\/2025\/09\/Detenido-drogas-Colotepec-300x154.jpeg 300w, https:\/\/zonaroja.com.mx\/wp-content\/uploads\/2025\/09\/Detenido-drogas-Colotepec-768x395.jpeg 768w, https:\/\/zonaroja.com.mx\/wp-content\/uploads\/2025\/09\/Detenido-drogas-Colotepec-585x301.jpeg 585w\" sizes=\"(max-width: 800px) 100vw, 800px\" \/><\/figure>\n\n\n\n<p>DETENIDO EN COLOTEPEC&nbsp;<\/p>\n\n\n\n<p>En otro caso, y como parte de las acciones de la Operaci\u00f3n \u201cSable\u201d, para el combate a delitos de alto impacto, la Fiscal\u00eda General del Estado de Oaxaca (FGEO), en coordinaci\u00f3n interinstitucional, dio cumplimiento a una orden de cateo que se realiz\u00f3 de manera coordinada en la regi\u00f3n de la Costa, logrando la detenci\u00f3n de una persona del sexo masculino identificado como E.H.G., adem\u00e1s de asegurar drogas y objetos constitutivos del delito.&nbsp;<\/p>\n\n\n\n<p>La movilizaci\u00f3n policial se efectu\u00f3 en un domicilio ubicado en la poblaci\u00f3n Lagunilla, perteneciente al municipio de Santa Mar\u00eda Colotepec, distrito de Pochutla, donde se logr\u00f3 el aseguramiento de armas de fuego, cartuchos \u00fatiles, tel\u00e9fonos celulares y diversas dosis de marihuana, adem\u00e1s de la detenci\u00f3n de E.H.G. quien fue puesto a disposici\u00f3n de la autoridad correspondiente para determinar su situaci\u00f3n legal.<\/p>\n\n\n\n<p>Este mandato judicial se llev\u00f3 a cabo en estrecha coordinaci\u00f3n entre elementos de la Agencia Estatal de Investigaciones (AEI) y la Vicefiscal\u00eda Regional de la Costa, junto con la Secretar\u00eda de la Defensa Nacional (DEFENSA), Guardia Nacional (GN), Secretar\u00eda de Marina y Polic\u00eda Estatal, acciones que derivan de investigaciones realizadas en torno al delito contra la salud en su modalidad de narcomenudeo en su hip\u00f3tesis de posesi\u00f3n de marihuana y armas de fuego.<\/p>\n\n\n\n<p>DOS DETENIDOS<\/p>\n\n\n\n<p>Por otra parte, la Fiscal\u00eda General dio cumplimiento a dos \u00f3rdenes de aprehensi\u00f3n que permitieron la detenci\u00f3n de dos personas del sexo masculino identificados como F.M.L. y A.J.B.R., por el delito de violencia familiar, ocurrida en diferentes regiones del estado.<\/p>\n\n\n\n<p>De acuerdo con los trabajos ministeriales de la FGEO, en uno de los casos, elementos de la Agencia Estatal de Investigaciones (AEI) de la Vicefiscal\u00eda Regional de la Costa dieron cumplimiento al mandato judicial en contra de A.J.B.R., derivado de hechos de violencia f\u00edsica en contra de sus hijos menores de edad, uno de ellos, era amarrado con una cadena.<\/p>\n\n\n\n<p>El caso qued\u00f3 a cargo de la Vicefiscal\u00eda Regional de la Costa que ejecut\u00f3 la orden de aprehensi\u00f3n en contra de A.J.B.R., cuando se encontraba en la calle Segunda Poniente y Tercera Poniente Sector Hidalgo de Puerto Escondido en jurisdicci\u00f3n de San Pedro Mixtepec.<\/p>\n\n\n\n<p>La segunda orden de aprehensi\u00f3n fue ejecutada por agentes ministeriales de la Vicefiscal\u00eda Regional del Valles Centrales en contra de F.M.L., por ejercer violencia familiar en contra de una mujer identificada como M.S.L.N., hechos ocurridos en la poblaci\u00f3n de Santa Cruz Zenzontepec, Sola de Vega.<\/p>\n\n\n\n<p>El hombre detenido a un costado del Palacio Municipal de Santa Cruz Zenzontepec, fue puesto a disposici\u00f3n de las autoridades correspondientes para su proceso legal.<\/p>\n","protected":false},"excerpt":{"rendered":"<p>Redacci\u00f3n\/Zona Roja.&nbsp; Oaxaca, Oax., a 13 de septiembre de 2025.- La Fiscal\u00eda General del Estado&hellip;<\/p>\n","protected":false},"author":2,"featured_media":84589,"comment_status":"closed","ping_status":"open","sticky":false,"template":"","format":"standard","meta":{"_lmt_disableupdate":"","_lmt_disable":"","_jetpack_memberships_contains_paid_content":false,"footnotes":""},"categories":[109,46],"tags":[494],"class_list":["post-84587","post","type-post","status-publish","format-standard","has-post-thumbnail","hentry","category-minuto-a-minuto","category-zona-blanca","tag-fiscalia-general-del-estado-de-oaxaca"],"jetpack_featured_media_url":"https:\/\/zonaroja.com.mx\/wp-content\/uploads\/2025\/09\/Feminicida-sentenciada-Xoxocotlan.jpg","jetpack_sharing_enabled":true,"_links":{"self":[{"href":"https:\/\/zonaroja.com.mx\/index.php?rest_route=\/wp\/v2\/posts\/84587","targetHints":{"allow":["GET"]}}],"collection":[{"href":"https:\/\/zonaroja.com.mx\/index.php?rest_route=\/wp\/v2\/posts"}],"about":[{"href":"https:\/\/zonaroja.com.mx\/index.php?rest_route=\/wp\/v2\/types\/post"}],"author":[{"embeddable":true,"href":"https:\/\/zonaroja.com.mx\/index.php?rest_route=\/wp\/v2\/users\/2"}],"replies":[{"embeddable":true,"href":"https:\/\/zonaroja.com.mx\/index.php?rest_route=%2Fwp%2Fv2%2Fcomments&post=84587"}],"version-history":[{"count":1,"href":"https:\/\/zonaroja.com.mx\/index.php?rest_route=\/wp\/v2\/posts\/84587\/revisions"}],"predecessor-version":[{"id":84590,"href":"https:\/\/zonaroja.com.mx\/index.php?rest_route=\/wp\/v2\/posts\/84587\/revisions\/84590"}],"wp:featuredmedia":[{"embeddable":true,"href":"https:\/\/zonaroja.com.mx\/index.php?rest_route=\/wp\/v2\/media\/84589"}],"wp:attachment":[{"href":"https:\/\/zonaroja.com.mx\/index.php?rest_route=%2Fwp%2Fv2%2Fmedia&parent=84587"}],"wp:term":[{"taxonomy":"category","embeddable":true,"href":"https:\/\/zonaroja.com.mx\/index.php?rest_route=%2Fwp%2Fv2%2Fcategories&post=84587"},{"taxonomy":"post_tag","embeddable":true,"href":"https:\/\/zonaroja.com.mx\/index.php?rest_route=%2Fwp%2Fv2%2Ftags&post=84587"}],"curies":[{"name":"wp","href":"https:\/\/api.w.org\/{rel}","templated":true}]}}