{"id":84594,"date":"2025-09-13T11:00:00","date_gmt":"2025-09-13T17:00:00","guid":{"rendered":"https:\/\/zonaroja.com.mx\/?p=84594"},"modified":"2025-09-13T07:08:30","modified_gmt":"2025-09-13T13:08:30","slug":"que-implica-para-adan-augusto-la-detencion-de-hernan-bermudez","status":"publish","type":"post","link":"https:\/\/zonaroja.com.mx\/?p=84594","title":{"rendered":"\u00bfQu\u00e9 implica para Ad\u00e1n Augusto la detenci\u00f3n de Hern\u00e1n Berm\u00fadez?"},"content":{"rendered":"\n<p>Redacci\u00f3n\/Zona Roja Cdmx.<\/p>\n\n\n\n<p>Ciudad de M\u00e9xico, a 13 de septiembre de 2025.- El panorama para Ad\u00e1n Augusto L\u00f3pez, coordinador de los senadores de Morena, se complica, tras la detenci\u00f3n de Hern\u00e1n Berm\u00fadez Requena, quien fuera su secretario de Seguridad en Tabasco, y presunto l\u00edder del grupo criminal de \u201cLa Barredora\u201d.<\/p>\n\n\n\n<p>Aunque el senador L\u00f3pez Hern\u00e1ndez manifest\u00f3 en julio pasado su disposici\u00f3n de colaborar con \u201ccualquier autoridad\u201d que lo solicite, se ha deslindado de las operaciones de Berm\u00fadez Requena.<\/p>\n\n\n\n<p>\u201cEl Abuelo\u201d o \u201cRequena\u201d es vinculado al grupo criminal al que se le adjudican delitos como asociaci\u00f3n delictuosa, extorsi\u00f3n y secuestro.<\/p>\n\n\n\n<p>Entre los detenidos de \u201cLa Barredora\u201d se encuentran sus principales l\u00edderes: Hern\u00e1n Berm\u00fadez Requena y Ulises Pinto Madera, mejor conocido como \u201cEl Mamado\u201d, quien fue detenido el pasado 23 de julio en Tlajomulco de Z\u00fa\u00f1iga, en Jalisco.<\/p>\n\n\n\n<p>Recientemente, la Fiscal\u00eda General de la Rep\u00fablica (FGR) dio a conocer que Pinto Madera est\u00e1 a disposici\u00f3n del Ministerio P\u00fablico Federal bajo el principio de testigo colaborador, a trav\u00e9s de la que aport\u00f3 informaci\u00f3n detallada para dar con el paradero de Berm\u00fadez Requena, quien hasta este viernes 12 de septiembre, se encontraba pr\u00f3fugo.<\/p>\n\n\n\n<p>De acuerdo con el columnista Carlos Loret de Mola, en conversaciones con autoridades mexicanas tuvo conocimiento de que hasta el momento Ulises Pinto no hab\u00eda implicado a Ad\u00e1n Augusto en la operaci\u00f3n del grupo \u201cLa Barredora\u201d.<\/p>\n\n\n\n<p>Sin embargo, las posibles implicaciones del exsecretario de Gobierno de Andr\u00e9s Manuel L\u00f3pez Obrador podr\u00edan surgir con la captura de Berm\u00fadez Requena.<\/p>\n\n\n\n<p>El martes pasado, el fiscal general Alejandro Gertz Manero explic\u00f3 que no hab\u00edan llamado a declarar a L\u00f3pez Hern\u00e1ndez porque hasta el momento nadie lo hab\u00eda implicado directamente.<\/p>\n\n\n\n<p>\u201cLa Fiscal\u00eda no puede llamar a personas que no tienen una vinculaci\u00f3n directa. Necesitamos obtener la aprehensi\u00f3n de este individuo (Berm\u00fadez) y a partir de ese momento vamos a saber qui\u00e9nes son los que est\u00e1n involucrados\u201d, se\u00f1al\u00f3 el fiscal.<\/p>\n\n\n\n<p>En ese sentido, tras la captura de Hern\u00e1n Berm\u00fadez Requena en Paraguay, ser\u00eda cuesti\u00f3n tiempo para que el nombre de Ad\u00e1n Augusto L\u00f3pez salga en medio de sus declaraciones.<\/p>\n\n\n\n<p>\u201cHasta ahora, seg\u00fan me confirman fuentes federales, \u2018El Mamado\u2019 no ha implicado a Ad\u00e1n Augusto L\u00f3pez de manera directa en la operaci\u00f3n del c\u00e1rtel de La Barredora. Las referencias que ha hecho son por cosas que escuch\u00f3 o supo a trav\u00e9s de Hern\u00e1n Berm\u00fadez. Es decir, referencias indirectas. Las directas las tendr\u00eda Berm\u00fadez Requena, a quienAd\u00e1n Augusto L\u00f3pezentreg\u00f3 las llaves de la seguridad en Tabasco. As\u00ed que si cae Berm\u00fadez, la implicaci\u00f3n directa de Ad\u00e1n Augusto L\u00f3pez ser\u00eda autom\u00e1tica\u00bb, se\u00f1al\u00f3 Loret de Mola.<\/p>\n\n\n\n<p>La presidenta Claudia Sheinbaum habr\u00eda puesto en la mira a Ad\u00e1n Augusto L\u00f3pez, pues fuentes de Pol\u00edtico MX nos cuentan que el gobernador de Tabasco, Javier May, habr\u00eda informado desde mayo a la mandataria sobre las acciones del \u201cLa Barredora\u201d en Tabasco.<\/p>\n\n\n\n<p>Tras darse a conocer la informaci\u00f3n, Sheinbaum aclar\u00f3 que hasta el momento Ad\u00e1n Augusto no estaba siendo investigado por la FGR, sin embargo sostuvo que si hab\u00eda evidencias que vincularan a morenistas no habr\u00eda protecci\u00f3n para nadie.<\/p>\n\n\n\n<p>\u201cNo vamos a cubrir a nadie. Nosotros ni la Fiscal\u00eda, aunque la Fiscal\u00eda, obviamente, es aut\u00f3noma, pero tiene que seguir la investigaci\u00f3n\u201d, se\u00f1al\u00f3 Sheinbaum en julio pasado.<\/p>\n\n\n\n<p>(Informaci\u00f3n de \u201cPol\u00edtico.Mx\u201d)<\/p>\n","protected":false},"excerpt":{"rendered":"<p>Redacci\u00f3n\/Zona Roja Cdmx. Ciudad de M\u00e9xico, a 13 de septiembre de 2025.- El panorama para&hellip;<\/p>\n","protected":false},"author":2,"featured_media":84595,"comment_status":"closed","ping_status":"open","sticky":false,"template":"","format":"standard","meta":{"_lmt_disableupdate":"","_lmt_disable":"","_jetpack_memberships_contains_paid_content":false,"footnotes":""},"categories":[109,46],"tags":[4357],"class_list":["post-84594","post","type-post","status-publish","format-standard","has-post-thumbnail","hentry","category-minuto-a-minuto","category-zona-blanca","tag-hernan-bermudez-requena"],"jetpack_featured_media_url":"https:\/\/zonaroja.com.mx\/wp-content\/uploads\/2025\/09\/Hernan-Bermudez-Requema.jpg","jetpack_sharing_enabled":true,"_links":{"self":[{"href":"https:\/\/zonaroja.com.mx\/index.php?rest_route=\/wp\/v2\/posts\/84594","targetHints":{"allow":["GET"]}}],"collection":[{"href":"https:\/\/zonaroja.com.mx\/index.php?rest_route=\/wp\/v2\/posts"}],"about":[{"href":"https:\/\/zonaroja.com.mx\/index.php?rest_route=\/wp\/v2\/types\/post"}],"author":[{"embeddable":true,"href":"https:\/\/zonaroja.com.mx\/index.php?rest_route=\/wp\/v2\/users\/2"}],"replies":[{"embeddable":true,"href":"https:\/\/zonaroja.com.mx\/index.php?rest_route=%2Fwp%2Fv2%2Fcomments&post=84594"}],"version-history":[{"count":1,"href":"https:\/\/zonaroja.com.mx\/index.php?rest_route=\/wp\/v2\/posts\/84594\/revisions"}],"predecessor-version":[{"id":84596,"href":"https:\/\/zonaroja.com.mx\/index.php?rest_route=\/wp\/v2\/posts\/84594\/revisions\/84596"}],"wp:featuredmedia":[{"embeddable":true,"href":"https:\/\/zonaroja.com.mx\/index.php?rest_route=\/wp\/v2\/media\/84595"}],"wp:attachment":[{"href":"https:\/\/zonaroja.com.mx\/index.php?rest_route=%2Fwp%2Fv2%2Fmedia&parent=84594"}],"wp:term":[{"taxonomy":"category","embeddable":true,"href":"https:\/\/zonaroja.com.mx\/index.php?rest_route=%2Fwp%2Fv2%2Fcategories&post=84594"},{"taxonomy":"post_tag","embeddable":true,"href":"https:\/\/zonaroja.com.mx\/index.php?rest_route=%2Fwp%2Fv2%2Ftags&post=84594"}],"curies":[{"name":"wp","href":"https:\/\/api.w.org\/{rel}","templated":true}]}}