{"id":84603,"date":"2025-09-13T12:00:00","date_gmt":"2025-09-13T18:00:00","guid":{"rendered":"https:\/\/zonaroja.com.mx\/?p=84603"},"modified":"2025-09-13T07:48:23","modified_gmt":"2025-09-13T13:48:23","slug":"jazz-matias-presentara-su-primer-disco-flor-del-viento","status":"publish","type":"post","link":"https:\/\/zonaroja.com.mx\/?p=84603","title":{"rendered":"Jazz Mat\u00edas presentar\u00e1 su primer disco: \u00abFlor del viento\u00bb"},"content":{"rendered":"\n<p>Lisbeth Mej\u00eda Reyes\/Zona Roja.<\/p>\n\n\n\n<p>Oaxaca, Oax., a 13 de septiembre de 2025.- La cantante oaxaque\u00f1a Jazz Mat\u00edas presentar\u00e1 el pr\u00f3ximo 28 de septiembre su primer disco titulado \u00abFlor del viento\u00bb.&nbsp;<\/p>\n\n\n\n<p>Ser\u00e1 en un concierto en el teatro \u201cMacedonio Alcal\u00e1\u201d, recinto en el que ya ha cantado en diversas ocasiones, en donde la int\u00e9rprete compartir\u00e1 los temas de este disco que la cantante describe como uno de jazz contempor\u00e1neo con ra\u00edces oaxaque\u00f1as.<\/p>\n\n\n\n<p>A unas semanas de la presentaci\u00f3n, Jazz Mat\u00edas compartido detalles de su trayectoria, una que comenz\u00f3 en el ambiente familiar, con la m\u00fasica que escuchaban sus padres y que le permitieron conocer lo tradicional de Oaxaca, pero tambi\u00e9n otros g\u00e9neros del mundo como el g\u00f3spel y el funk.<\/p>\n\n\n\n<p>Grabar este disco luego de sus presentaciones en diversos foros y con otras artistas oaxaque\u00f1as es para la int\u00e9rprete una manera de mostrar su sello como artista, de comunicarse a trav\u00e9s del canto.<\/p>\n\n\n\n<p>Este viernes, en conferencia de prensa, Jazz cont\u00f3 que lo que m\u00e1s le gusta de cantar es mostrarse como oaxaque\u00f1a.&nbsp;<\/p>\n\n\n\n<p>\u00abMe gusta representar que nac\u00ed en una tierra llena de cultura, llena de cosas hermosas y creo que nuestra m\u00fasica, principalmente, es algo con lo que conecto. Esta m\u00fasica que me ha regalado tanto y con esta experiencia, los sonidos que tengo desde mi ni\u00f1ez, fue de una forma muy natural querer combinarlo\u00bb.<\/p>\n\n\n\n<p>El disco \u00abFlor del viento\u00bb tiene piezas de m\u00fasica tradicional oaxaque\u00f1a, como \u00abLa Martiniana\u00bb, pero tambi\u00e9n temas originales de su autor\u00eda: \u00abEsp\u00edritus de mi tierra\u00bb.<\/p>\n\n\n\n<p>El \u00e1lbum fue grabado en la Ciudad de M\u00e9xico y en \u00e9l participan m\u00fasicos como Emiliano Coronel, Vladimir Coronel, Arodi Mart\u00ednez y Ricardo Amadeus. Los dos \u00faltimos, m\u00fasicos oaxaque\u00f1os.<\/p>\n\n\n\n<p>Jazz Mat\u00edas es una cantante egresadas de la Facultad de Bellas Artes de la Universidad Aut\u00f3noma Benito Ju\u00e1rez de Oaxaca (UABJO). Se ha presentado en recintos como el teatro \u201cMacedonio Alcal\u00e1\u201d y el auditorio \u201cGuelaguetza\u201d, en la ciudad de Oaxaca.&nbsp;<\/p>\n\n\n\n<p>Tambi\u00e9n se ha presentado en diversas ciudades de Estados Unidos y del pa\u00eds. Ha compartido escenario con otras int\u00e9rpretes como Lila Downs, Tania Libertad y La Santa Cecilia.<\/p>\n\n\n\n<p>La presentaci\u00f3n de su disco \u00abFlor del viento\u00bb ser\u00e1 el domingo 28 de septiembre, a las 19:00 horas, en el teatro Macedonio Alcal\u00e1. El costo de los boletos es de 300 pesos.<\/p>\n","protected":false},"excerpt":{"rendered":"<p>Lisbeth Mej\u00eda Reyes\/Zona Roja. Oaxaca, Oax., a 13 de septiembre de 2025.- La cantante oaxaque\u00f1a&hellip;<\/p>\n","protected":false},"author":2,"featured_media":84604,"comment_status":"closed","ping_status":"open","sticky":false,"template":"","format":"standard","meta":{"_lmt_disableupdate":"","_lmt_disable":"","_jetpack_memberships_contains_paid_content":false,"footnotes":""},"categories":[109,46],"tags":[4449],"class_list":["post-84603","post","type-post","status-publish","format-standard","has-post-thumbnail","hentry","category-minuto-a-minuto","category-zona-blanca","tag-jazz-matias"],"jetpack_featured_media_url":"https:\/\/zonaroja.com.mx\/wp-content\/uploads\/2025\/09\/cantante-Jazz-Matias.jpg","jetpack_sharing_enabled":true,"_links":{"self":[{"href":"https:\/\/zonaroja.com.mx\/index.php?rest_route=\/wp\/v2\/posts\/84603","targetHints":{"allow":["GET"]}}],"collection":[{"href":"https:\/\/zonaroja.com.mx\/index.php?rest_route=\/wp\/v2\/posts"}],"about":[{"href":"https:\/\/zonaroja.com.mx\/index.php?rest_route=\/wp\/v2\/types\/post"}],"author":[{"embeddable":true,"href":"https:\/\/zonaroja.com.mx\/index.php?rest_route=\/wp\/v2\/users\/2"}],"replies":[{"embeddable":true,"href":"https:\/\/zonaroja.com.mx\/index.php?rest_route=%2Fwp%2Fv2%2Fcomments&post=84603"}],"version-history":[{"count":1,"href":"https:\/\/zonaroja.com.mx\/index.php?rest_route=\/wp\/v2\/posts\/84603\/revisions"}],"predecessor-version":[{"id":84605,"href":"https:\/\/zonaroja.com.mx\/index.php?rest_route=\/wp\/v2\/posts\/84603\/revisions\/84605"}],"wp:featuredmedia":[{"embeddable":true,"href":"https:\/\/zonaroja.com.mx\/index.php?rest_route=\/wp\/v2\/media\/84604"}],"wp:attachment":[{"href":"https:\/\/zonaroja.com.mx\/index.php?rest_route=%2Fwp%2Fv2%2Fmedia&parent=84603"}],"wp:term":[{"taxonomy":"category","embeddable":true,"href":"https:\/\/zonaroja.com.mx\/index.php?rest_route=%2Fwp%2Fv2%2Fcategories&post=84603"},{"taxonomy":"post_tag","embeddable":true,"href":"https:\/\/zonaroja.com.mx\/index.php?rest_route=%2Fwp%2Fv2%2Ftags&post=84603"}],"curies":[{"name":"wp","href":"https:\/\/api.w.org\/{rel}","templated":true}]}}