{"id":84608,"date":"2025-09-13T13:00:00","date_gmt":"2025-09-13T19:00:00","guid":{"rendered":"https:\/\/zonaroja.com.mx\/?p=84608"},"modified":"2025-09-13T07:56:27","modified_gmt":"2025-09-13T13:56:27","slug":"presentan-programa-de-regularizacion-de-terrazas-en-el-centro-historico","status":"publish","type":"post","link":"https:\/\/zonaroja.com.mx\/?p=84608","title":{"rendered":"Presentan programa de regularizaci\u00f3n de terrazas en el Centro Hist\u00f3rico"},"content":{"rendered":"\n<p>Redacci\u00f3n\/Zona Roja.<\/p>\n\n\n\n<p>Oaxaca, Oax., a 13 de septiembre de 2025.\u2013 El presidente municipal de Oaxaca de Ju\u00e1rez, Raymundo Chagoya Villanueva, encabez\u00f3 la presentaci\u00f3n del Nuevo Reglamento General de Aplicaci\u00f3n del Plan Parcial de Conservaci\u00f3n del Centro Hist\u00f3rico, que incorpora el distintivo \u201cTerrazas Seguras\u201d como parte de un programa integral para ordenar y garantizar la seguridad en los espacios p\u00fablicos de la capital.<\/p>\n\n\n\n<p>Durante el acto realizado en el Palacio Municipal, el edil capitalino destac\u00f3 que este reglamento representa una decisi\u00f3n firme a favor de una Ciudad Ordenada y Segura, al establecer reglas claras para el uso de terrazas y mobiliario urbano, respetando la accesibilidad, la armon\u00eda y la protecci\u00f3n del patrimonio cultural.<\/p>\n\n\n\n<p>El secretario de Obras P\u00fablicas y Desarrollo Urbano, Carlos Facundo Alcocer, subray\u00f3 que este programa permitir\u00e1 dar certeza tanto a vecinas y vecinos como a comerciantes y visitantes, mediante mecanismos de supervisi\u00f3n, placas de aforo y descuentos por cumplimiento, en una zona reconocida por la UNESCO desde 1987 como Patrimonio Cultural de la Humanidad.<\/p>\n\n\n\n<p>El Ayuntamiento de Oaxaca de Ju\u00e1rez reiter\u00f3 que, con el respaldo del Gobierno del Estado y el acompa\u00f1amiento del INAH, este programa de regularizaci\u00f3n se suma a la visi\u00f3n de construir una Ciudad Limpia, Ordenada y Segura, fortaleciendo el orgullo de las y los oaxaque\u00f1os por su Centro Hist\u00f3rico.<\/p>\n","protected":false},"excerpt":{"rendered":"<p>Redacci\u00f3n\/Zona Roja. Oaxaca, Oax., a 13 de septiembre de 2025.\u2013 El presidente municipal de Oaxaca&hellip;<\/p>\n","protected":false},"author":2,"featured_media":84609,"comment_status":"closed","ping_status":"open","sticky":false,"template":"","format":"standard","meta":{"_lmt_disableupdate":"","_lmt_disable":"","_jetpack_memberships_contains_paid_content":false,"footnotes":""},"categories":[109,46],"tags":[148,4403],"class_list":["post-84608","post","type-post","status-publish","format-standard","has-post-thumbnail","hentry","category-minuto-a-minuto","category-zona-blanca","tag-oaxaca-de-juarez","tag-ray-chagoya"],"jetpack_featured_media_url":"https:\/\/zonaroja.com.mx\/wp-content\/uploads\/2025\/09\/Edil-Ray-Chagoya-e-INAH.jpeg","jetpack_sharing_enabled":true,"_links":{"self":[{"href":"https:\/\/zonaroja.com.mx\/index.php?rest_route=\/wp\/v2\/posts\/84608","targetHints":{"allow":["GET"]}}],"collection":[{"href":"https:\/\/zonaroja.com.mx\/index.php?rest_route=\/wp\/v2\/posts"}],"about":[{"href":"https:\/\/zonaroja.com.mx\/index.php?rest_route=\/wp\/v2\/types\/post"}],"author":[{"embeddable":true,"href":"https:\/\/zonaroja.com.mx\/index.php?rest_route=\/wp\/v2\/users\/2"}],"replies":[{"embeddable":true,"href":"https:\/\/zonaroja.com.mx\/index.php?rest_route=%2Fwp%2Fv2%2Fcomments&post=84608"}],"version-history":[{"count":1,"href":"https:\/\/zonaroja.com.mx\/index.php?rest_route=\/wp\/v2\/posts\/84608\/revisions"}],"predecessor-version":[{"id":84610,"href":"https:\/\/zonaroja.com.mx\/index.php?rest_route=\/wp\/v2\/posts\/84608\/revisions\/84610"}],"wp:featuredmedia":[{"embeddable":true,"href":"https:\/\/zonaroja.com.mx\/index.php?rest_route=\/wp\/v2\/media\/84609"}],"wp:attachment":[{"href":"https:\/\/zonaroja.com.mx\/index.php?rest_route=%2Fwp%2Fv2%2Fmedia&parent=84608"}],"wp:term":[{"taxonomy":"category","embeddable":true,"href":"https:\/\/zonaroja.com.mx\/index.php?rest_route=%2Fwp%2Fv2%2Fcategories&post=84608"},{"taxonomy":"post_tag","embeddable":true,"href":"https:\/\/zonaroja.com.mx\/index.php?rest_route=%2Fwp%2Fv2%2Ftags&post=84608"}],"curies":[{"name":"wp","href":"https:\/\/api.w.org\/{rel}","templated":true}]}}