{"id":84611,"date":"2025-09-13T14:57:00","date_gmt":"2025-09-13T20:57:00","guid":{"rendered":"https:\/\/zonaroja.com.mx\/?p=84611"},"modified":"2025-09-13T08:02:39","modified_gmt":"2025-09-13T14:02:39","slug":"analiza-congreso-iniciativa-de-la-ley-para-el-bienestar-de-juventudes-oaxaquenas","status":"publish","type":"post","link":"https:\/\/zonaroja.com.mx\/?p=84611","title":{"rendered":"Analiza Congreso iniciativa de la Ley para el Bienestar de Juventudes Oaxaque\u00f1as"},"content":{"rendered":"\n<p>Redacci\u00f3n\/Zona Roja.<\/p>\n\n\n\n<p>Oaxaca, Oax., a 13 de septiembre de 2025.- Con el prop\u00f3sito de reconocer a las juventudes como sujetos plenos de derecho y establecer un marco jur\u00eddico e institucional para garantizar su bienestar integral, de conformidad con los principios de universalidad, interdependencia, indivisibilidad y progresividad en t\u00e9rminos del art\u00edculo 1\u00b0 de la Ley Suprema de M\u00e9xico, el diputado Benjam\u00edn Viveros Montalvo, Presidente de la Junta de Coordinaci\u00f3n Pol\u00edtica (Jucopo) del Congreso del Estado, present\u00f3 la iniciativa con Proyecto de Decreto por la que se expide la Ley para el Bienestar de las Juventudes Oaxaque\u00f1as.<\/p>\n\n\n\n<p>En la reciente sesi\u00f3n ordinaria, destac\u00f3 que esta propuesta articula la coordinaci\u00f3n entre autoridades estatales y municipales, impulsa la participaci\u00f3n de las juventudes en la vida p\u00fablica y asegura la implementaci\u00f3n de pol\u00edticas con perspectiva de derechos humanos, interculturalidad, inclusi\u00f3n social y sustentabilidad ambiental.<\/p>\n\n\n\n<p>Al hacer uso de la palabra en tribuna refiri\u00f3, adem\u00e1s, que el contenido de esta iniciativa es fruto de la escucha, el di\u00e1logo y la construcci\u00f3n colectiva, pues se nutri\u00f3 con la experiencia de organizaciones sociales, con la voz de las comunidades, adem\u00e1s de la colaboraci\u00f3n del Instituto Mexicano de la Juventud (imjuve) del Gobierno Federal, que aport\u00f3 su visi\u00f3n y experiencia para armonizar este proyecto con las pol\u00edticas nacionales.&nbsp;<\/p>\n\n\n\n<p>El tambi\u00e9n Coordinador del Grupo Parlamentario de Morena en el Congreso local aclar\u00f3 que este proyecto no solo es una propuesta legal, sino tambi\u00e9n una invitaci\u00f3n a construir un pacto generacional y reconocer que las juventudes tienen el derecho a vivir con dignidad y contar con oportunidades de empleo, educaci\u00f3n, salud, cultura, deporte y a ser consultadas en las decisiones que afectan sus vidas, tener un espacio en la pol\u00edtica, econom\u00eda, la ciencia y sobre todo, en la transformaci\u00f3n de Oaxaca.&nbsp;<\/p>\n\n\n\n<p>\u201cEs tiempo de responder con hechos, con visi\u00f3n y compromiso; es tiempo que Oaxaca cuente con una Ley de las Juventudes porque son la fuerza del presente, son el motor de cambio en el estado y el pa\u00eds, quienes esperan un marco jur\u00eddico, digno, justo y efectivo a la realidad actual\u201d, subray\u00f3.<\/p>\n\n\n\n<p>De acuerdo con el Instituto Nacional de Estad\u00edstica y Geograf\u00eda (Inegi), en M\u00e9xico existen m\u00e1s de 37 millones de personas j\u00f3venes de entre 15 y 29 a\u00f1os, y en Oaxaca este grupo asciende a m\u00e1s de 1 mill\u00f3n de habitantes, sin embargo, enfrentan m\u00faltiples desaf\u00edos que limitan su pleno desarrollo ya que enfrentan pobreza, precariedad laboral, la falta de acceso a la educaci\u00f3n de calidad e insuficientes oportunidades de emprendimiento.<\/p>\n\n\n\n<p>En este sentido se busca fortalecer las estrategias en materia de salud, educaci\u00f3n, empleo, vivienda, movilidad, cultura, deporte, paz y medio ambiente, reconociendo la diversidad \u00e9tnica y cultural de Oaxaca.&nbsp;<\/p>\n\n\n\n<p>La referida iniciativa de Ley es de orden p\u00fablico, inter\u00e9s social y de observancia general en todo el territorio del estado, por lo que su aplicaci\u00f3n corresponder\u00e1 a todas las autoridades estatales y municipales.&nbsp;<\/p>\n\n\n\n<p>Est\u00e1 conformada por 80 art\u00edculos en los cuales se promueve y garantiza el goce, ejercicio, respeto, protecci\u00f3n, sanci\u00f3n y promoci\u00f3n de los derechos humanos de las y los j\u00f3venes. Tambi\u00e9n plantea crear y regular la integraci\u00f3n, organizaci\u00f3n y funcionamiento del Sistema para el Bienestar de las Juventudes Oaxaque\u00f1as.&nbsp;<\/p>\n\n\n\n<p>El Proyecto fue turnado para su estudio y dictamen a la Comisi\u00f3n Permanente de Ni\u00f1ez, Adolescencia y Juventudes.<\/p>\n","protected":false},"excerpt":{"rendered":"<p>Redacci\u00f3n\/Zona Roja. Oaxaca, Oax., a 13 de septiembre de 2025.- Con el prop\u00f3sito de reconocer&hellip;<\/p>\n","protected":false},"author":2,"featured_media":84613,"comment_status":"closed","ping_status":"open","sticky":false,"template":"","format":"standard","meta":{"_lmt_disableupdate":"","_lmt_disable":"","_jetpack_memberships_contains_paid_content":false,"footnotes":""},"categories":[109,46],"tags":[3664],"class_list":["post-84611","post","type-post","status-publish","format-standard","has-post-thumbnail","hentry","category-minuto-a-minuto","category-zona-blanca","tag-benjamin-viveros-montalvo"],"jetpack_featured_media_url":"https:\/\/zonaroja.com.mx\/wp-content\/uploads\/2025\/09\/Benjamin-viveros.jpeg","jetpack_sharing_enabled":true,"_links":{"self":[{"href":"https:\/\/zonaroja.com.mx\/index.php?rest_route=\/wp\/v2\/posts\/84611","targetHints":{"allow":["GET"]}}],"collection":[{"href":"https:\/\/zonaroja.com.mx\/index.php?rest_route=\/wp\/v2\/posts"}],"about":[{"href":"https:\/\/zonaroja.com.mx\/index.php?rest_route=\/wp\/v2\/types\/post"}],"author":[{"embeddable":true,"href":"https:\/\/zonaroja.com.mx\/index.php?rest_route=\/wp\/v2\/users\/2"}],"replies":[{"embeddable":true,"href":"https:\/\/zonaroja.com.mx\/index.php?rest_route=%2Fwp%2Fv2%2Fcomments&post=84611"}],"version-history":[{"count":1,"href":"https:\/\/zonaroja.com.mx\/index.php?rest_route=\/wp\/v2\/posts\/84611\/revisions"}],"predecessor-version":[{"id":84614,"href":"https:\/\/zonaroja.com.mx\/index.php?rest_route=\/wp\/v2\/posts\/84611\/revisions\/84614"}],"wp:featuredmedia":[{"embeddable":true,"href":"https:\/\/zonaroja.com.mx\/index.php?rest_route=\/wp\/v2\/media\/84613"}],"wp:attachment":[{"href":"https:\/\/zonaroja.com.mx\/index.php?rest_route=%2Fwp%2Fv2%2Fmedia&parent=84611"}],"wp:term":[{"taxonomy":"category","embeddable":true,"href":"https:\/\/zonaroja.com.mx\/index.php?rest_route=%2Fwp%2Fv2%2Fcategories&post=84611"},{"taxonomy":"post_tag","embeddable":true,"href":"https:\/\/zonaroja.com.mx\/index.php?rest_route=%2Fwp%2Fv2%2Ftags&post=84611"}],"curies":[{"name":"wp","href":"https:\/\/api.w.org\/{rel}","templated":true}]}}