{"id":84617,"date":"2025-09-13T14:10:00","date_gmt":"2025-09-13T20:10:00","guid":{"rendered":"https:\/\/zonaroja.com.mx\/?p=84617"},"modified":"2025-09-13T08:13:08","modified_gmt":"2025-09-13T14:13:08","slug":"asamblea-general-de-la-onu-reimpulsa-solucion-de-dos-estados","status":"publish","type":"post","link":"https:\/\/zonaroja.com.mx\/?p=84617","title":{"rendered":"Asamblea General de la ONU reimpulsa soluci\u00f3n de dos estados"},"content":{"rendered":"\n<p>Redacci\u00f3n\/Zona Roja Cdmx.<\/p>\n\n\n\n<p>Ciudad de M\u00e9xico, a 13 de septiembre de 2025.- La Asamblea General de la Organizaci\u00f3n de Naciones Unidas (ONU) adopt\u00f3 ayer por amplia mayor\u00eda la Declaraci\u00f3n de Nueva York, destinada a reimpulsar la soluci\u00f3n de dos estados: Israel y Palestina, que por primera vez excluye inequ\u00edvocamente a Hamas.<\/p>\n\n\n\n<p>El texto, presentado por Francia y Arabia Saudita, fue adoptado por 142 votos a favor, 10 en contra (incluidos Israel y su aliado clave, Estados Unidos) y 12 abstenciones.<\/p>\n\n\n\n<p>\u201cEn el contexto de la finalizaci\u00f3n de la guerra en Gaza, Hamas debe dejar de ejercer su autoridad sobre la franja y entregar sus armas a la Autoridad Nacional Palestina (ANP), con el apoyo y la colaboraci\u00f3n de la comunidad internacional, de conformidad con el objetivo de un Estado palestino soberano e independiente\u201d, seg\u00fan el contenido del texto.<\/p>\n\n\n\n<p>En la declaraci\u00f3n se condenan \u201clos ataques cometidos por Hamas contra civiles\u201d del 7 de octubre de 2023, y los embates de Tel Aviv contra civiles y a la infraestructura en Gaza, as\u00ed como el \u201casedio y hambre que han producido una cat\u00e1strofe humanitaria y una crisis de protecci\u00f3n devastadoras\u201d en el enclave.<\/p>\n\n\n\n<p>El vicepresidente de la ANP, Husein al Sheij, acogi\u00f3 \u201ccon satisfacci\u00f3n la resoluci\u00f3n relativa a aplicar la soluci\u00f3n de dos estados y la creaci\u00f3n de uno palestino independiente\u201d, escribi\u00f3 en X y agreg\u00f3 que la votaci\u00f3n es \u201cun paso importante hacia el fin de la ocupaci\u00f3n\u201d.<\/p>\n\n\n\n<p>Riyad Mansour, embajador palestino ante la ONU, declar\u00f3 que el apoyo a la resoluci\u00f3n refleja \u201cel anhelo de casi toda la comunidad internacional de abrir la puerta a la opci\u00f3n de la paz\u201d.<\/p>\n\n\n\n<p>Israel rechaz\u00f3 \u201ccateg\u00f3ricamente la decisi\u00f3n de la Asamblea General de la ONU\u201d e indic\u00f3 que es una \u201cdecisi\u00f3n vergonzosa\u201d, expuso en redes sociales el vocero del ministerio de Relaciones Exteriores, Oren Marmorstein; de igual manera, agreg\u00f3 que \u201cno favorece a una soluci\u00f3n de paz. Al contrario, alienta a Hamas a continuar la guerra\u201d.<\/p>\n\n\n\n<p>La representaci\u00f3n de Estados Unidos indic\u00f3 que \u201cla declaraci\u00f3n no es m\u00e1s que otra maniobra publicitaria equivocada y a destiempo que socava los serios esfuerzos diplom\u00e1ticos para poner fin al conflicto\u201d.<\/p>\n\n\n\n<p>En tanto, el primer ministro de Qatar, Mohammed bin Abdulrahman bin Jassim Al-Thani, se reuni\u00f3 ayer en la Casa Blanca con el vicepresidente de Estados Unidos, JD Vance, y con el secretario de Estado, Marco Rubio, inform\u00f3 NBC News, donde discutieron el papel de Doha en la facilitaci\u00f3n de la paz en Medio Oriente, como un acuerdo de cooperaci\u00f3n en defensa. Despu\u00e9s, tuvo un encuentro privado en Nueva York con el presidente, Donald Trump.<\/p>\n\n\n\n<p>(Informaci\u00f3n de \u201cLa Jornada\u201d)<\/p>\n","protected":false},"excerpt":{"rendered":"<p>Redacci\u00f3n\/Zona Roja Cdmx. Ciudad de M\u00e9xico, a 13 de septiembre de 2025.- La Asamblea General&hellip;<\/p>\n","protected":false},"author":2,"featured_media":84618,"comment_status":"closed","ping_status":"open","sticky":false,"template":"","format":"standard","meta":{"_lmt_disableupdate":"","_lmt_disable":"","_jetpack_memberships_contains_paid_content":false,"footnotes":""},"categories":[109,47],"tags":[2668],"class_list":["post-84617","post","type-post","status-publish","format-standard","has-post-thumbnail","hentry","category-minuto-a-minuto","category-zona-gris","tag-conflicto-gaza-israel"],"jetpack_featured_media_url":"https:\/\/zonaroja.com.mx\/wp-content\/uploads\/2025\/09\/Franja-de-Gaza-Israel.jpg","jetpack_sharing_enabled":true,"_links":{"self":[{"href":"https:\/\/zonaroja.com.mx\/index.php?rest_route=\/wp\/v2\/posts\/84617","targetHints":{"allow":["GET"]}}],"collection":[{"href":"https:\/\/zonaroja.com.mx\/index.php?rest_route=\/wp\/v2\/posts"}],"about":[{"href":"https:\/\/zonaroja.com.mx\/index.php?rest_route=\/wp\/v2\/types\/post"}],"author":[{"embeddable":true,"href":"https:\/\/zonaroja.com.mx\/index.php?rest_route=\/wp\/v2\/users\/2"}],"replies":[{"embeddable":true,"href":"https:\/\/zonaroja.com.mx\/index.php?rest_route=%2Fwp%2Fv2%2Fcomments&post=84617"}],"version-history":[{"count":1,"href":"https:\/\/zonaroja.com.mx\/index.php?rest_route=\/wp\/v2\/posts\/84617\/revisions"}],"predecessor-version":[{"id":84619,"href":"https:\/\/zonaroja.com.mx\/index.php?rest_route=\/wp\/v2\/posts\/84617\/revisions\/84619"}],"wp:featuredmedia":[{"embeddable":true,"href":"https:\/\/zonaroja.com.mx\/index.php?rest_route=\/wp\/v2\/media\/84618"}],"wp:attachment":[{"href":"https:\/\/zonaroja.com.mx\/index.php?rest_route=%2Fwp%2Fv2%2Fmedia&parent=84617"}],"wp:term":[{"taxonomy":"category","embeddable":true,"href":"https:\/\/zonaroja.com.mx\/index.php?rest_route=%2Fwp%2Fv2%2Fcategories&post=84617"},{"taxonomy":"post_tag","embeddable":true,"href":"https:\/\/zonaroja.com.mx\/index.php?rest_route=%2Fwp%2Fv2%2Ftags&post=84617"}],"curies":[{"name":"wp","href":"https:\/\/api.w.org\/{rel}","templated":true}]}}