{"id":8462,"date":"2020-02-05T22:23:57","date_gmt":"2020-02-06T04:23:57","guid":{"rendered":"http:\/\/www.zonaroja.com.mx\/?p=8462"},"modified":"2020-02-05T22:24:00","modified_gmt":"2020-02-06T04:24:00","slug":"conmemoran-en-oaxaca-aniversario-de-constitucion-mexicana","status":"publish","type":"post","link":"https:\/\/zonaroja.com.mx\/?p=8462","title":{"rendered":"Conmemoran en Oaxaca aniversario de Constituci\u00f3n Mexicana"},"content":{"rendered":"\n<p>Redacci\u00f3n\/Zona Roja.<\/p>\n\n\n\n<p>Oaxaca de Ju\u00e1rez, Oax., 5 de febrero de\n2020.- Al asistir con la representaci\u00f3n del gobernador Alejandro Murat Hinojosa\na la ceremonia del CIII Aniversario de la promulgaci\u00f3n de la Constituci\u00f3n\nPol\u00edtica de los Estados Unidos Mexicanos de 1917, el secretario General de\nGobierno (Segego) H\u00e9ctor Anuar Mafud Mafud, destac\u00f3 que el gobierno y\nciudadan\u00eda son responsables de hacer efectivos los postulados de la Carta Magna\npara construir un mejor M\u00e9xico y un mejor Oaxaca.<\/p>\n\n\n\n<p>Ante los representantes de los Poderes\ndel Estado, autoridades estatales, municipales, militares, representantes de la\nsociedad civil y escolares, el titular de la Segego precis\u00f3 que esta norma\nfundamental, sustenta la organizaci\u00f3n pol\u00edtica, define las libertades y orienta\nlos deberes de todas y todos los mexicanos. Es, por ende, una parte esencial y\nconstitutiva del sistema de gobierno de nuestro pa\u00eds.<\/p>\n\n\n\n<p>Se\u00f1al\u00f3 que desde su creaci\u00f3n, ha sido\nun documento imprescindible para la construcci\u00f3n de nuestra sociedad, ya que es\nun instrumento pol\u00edtico y jur\u00eddico fundamental y al mismo tiempo es un texto hist\u00f3rico\nproducto de los ideales de las sociedades pre y post revolucionarios, que se\nconstruy\u00f3 basado en los valores de libertad, igualdad, equidad y democracia.\n\u201cEs el faro que nos permite la visi\u00f3n iluminada de mantenernos unidos por el\nbien de M\u00e9xico\u201d.<\/p>\n\n\n\n<p>Mafud Mafud destac\u00f3 que en este\nsentido, la administraci\u00f3n del gobernador Alejandro Murat Hinojosa ha\ndesarrollado la mejor forma de conmemorar nuestra Constituci\u00f3n: respetando y\nobservando con puntualidad la vigencia de los derechos de todos los habitantes\ndel estado. Debemos asumir a cabalidad los deberes y responsabilidades como\nGobierno del Estado de Oaxaca ante el pueblo oaxaque\u00f1o.<\/p>\n\n\n\n<p>\u201cLa convocatoria actual es recuperar el\nesp\u00edritu del Constituyente de 1917; en esencia, hacer de nuestra norma constitucional\nel instrumento para transformar la vida cotidiana de los mexicanos y de los\noaxaque\u00f1os; es el \u00fanico camino para que todos y todas juntos transitemos con\nvalor y dignidad hacia mejores condiciones de vida, es la oportunidad para\nhacer de la Constituci\u00f3n la fuerza que alienta a los nuevos tiempos de\npluralidad pol\u00edtica\u201d, precis\u00f3.<\/p>\n\n\n\n<p>El funcionario estatal indic\u00f3 que es el\nmomento para que acudamos a la convocatoria del gobernador y participamos de\nmanera coordinada y solidaria con el Gobierno de M\u00e9xico que encabeza el\npresidente Andr\u00e9s Manuel L\u00f3pez Obrador para establecer la unidad y fortalecer\nla patria, la Federaci\u00f3n, el Estado y los Municipios.<\/p>\n\n\n\n<p>\u201cConstruyamos la gobernabilidad y la\npaz social con base en la promoci\u00f3n de los valores democr\u00e1ticos y del di\u00e1logo.\nHagamos del mutuo acuerdo y la conciliaci\u00f3n de intereses el principal\ninstrumento de gobierno. Constituci\u00f3n es Naci\u00f3n y es Patria, es el lugar donde\nencontramos y damos vigencia a nuestros derechos y libertades\u201d, se\u00f1al\u00f3.<\/p>\n\n\n\n<p>Durante la ceremonia c\u00edvica, que se\ndesarroll\u00f3 en la Alameda de Le\u00f3n de la capital oaxaque\u00f1a, las y los asistentes\nrindieron honores al L\u00e1baro Patrio.<\/p>\n","protected":false},"excerpt":{"rendered":"<p>Redacci\u00f3n\/Zona Roja. Oaxaca de Ju\u00e1rez, Oax., 5 de febrero de 2020.- Al asistir con la&hellip;<\/p>\n","protected":false},"author":2,"featured_media":8463,"comment_status":"closed","ping_status":"open","sticky":false,"template":"","format":"standard","meta":{"_lmt_disableupdate":"","_lmt_disable":"","_jetpack_memberships_contains_paid_content":false,"footnotes":""},"categories":[109,46],"tags":[1096],"class_list":["post-8462","post","type-post","status-publish","format-standard","has-post-thumbnail","hentry","category-minuto-a-minuto","category-zona-blanca","tag-hector-anuar-mafud-mafud"],"jetpack_featured_media_url":"https:\/\/zonaroja.com.mx\/wp-content\/uploads\/2020\/02\/SEGEGO-Ceremonia-Constituci\u00f3n-M\u00e9xico-1.jpeg","jetpack_sharing_enabled":true,"_links":{"self":[{"href":"https:\/\/zonaroja.com.mx\/index.php?rest_route=\/wp\/v2\/posts\/8462","targetHints":{"allow":["GET"]}}],"collection":[{"href":"https:\/\/zonaroja.com.mx\/index.php?rest_route=\/wp\/v2\/posts"}],"about":[{"href":"https:\/\/zonaroja.com.mx\/index.php?rest_route=\/wp\/v2\/types\/post"}],"author":[{"embeddable":true,"href":"https:\/\/zonaroja.com.mx\/index.php?rest_route=\/wp\/v2\/users\/2"}],"replies":[{"embeddable":true,"href":"https:\/\/zonaroja.com.mx\/index.php?rest_route=%2Fwp%2Fv2%2Fcomments&post=8462"}],"version-history":[{"count":1,"href":"https:\/\/zonaroja.com.mx\/index.php?rest_route=\/wp\/v2\/posts\/8462\/revisions"}],"predecessor-version":[{"id":8464,"href":"https:\/\/zonaroja.com.mx\/index.php?rest_route=\/wp\/v2\/posts\/8462\/revisions\/8464"}],"wp:featuredmedia":[{"embeddable":true,"href":"https:\/\/zonaroja.com.mx\/index.php?rest_route=\/wp\/v2\/media\/8463"}],"wp:attachment":[{"href":"https:\/\/zonaroja.com.mx\/index.php?rest_route=%2Fwp%2Fv2%2Fmedia&parent=8462"}],"wp:term":[{"taxonomy":"category","embeddable":true,"href":"https:\/\/zonaroja.com.mx\/index.php?rest_route=%2Fwp%2Fv2%2Fcategories&post=8462"},{"taxonomy":"post_tag","embeddable":true,"href":"https:\/\/zonaroja.com.mx\/index.php?rest_route=%2Fwp%2Fv2%2Ftags&post=8462"}],"curies":[{"name":"wp","href":"https:\/\/api.w.org\/{rel}","templated":true}]}}