{"id":84627,"date":"2025-09-13T18:50:13","date_gmt":"2025-09-14T00:50:13","guid":{"rendered":"https:\/\/zonaroja.com.mx\/?p=84627"},"modified":"2025-09-13T18:55:45","modified_gmt":"2025-09-14T00:55:45","slug":"fallece-otra-mujer-bajo-custodia-policial-en-salina-cruz-en-2022-fue-abigail","status":"publish","type":"post","link":"https:\/\/zonaroja.com.mx\/?p=84627","title":{"rendered":"Fallece otra mujer bajo custodia policial en Salina Cruz; en 2022 fue Abigail&nbsp;"},"content":{"rendered":"\n<p>Lisbeth Mej\u00eda Reyes\/Zona Roja.&nbsp;<\/p>\n\n\n\n<p>Oaxaca, Oax., a 13 de septiembre de 2025.- Tres a\u00f1os despu\u00e9s de la muerte de Abigail Hay Urrutia en los separos de la comandancia de Salina Cruz, este s\u00e1bado se report\u00f3 el segundo deceso de una mujer bajo la custodia de la polic\u00eda de este municipio del Istmo de Tehuantepec, Oaxaca.<\/p>\n\n\n\n<p>El deceso de la mujer, identificada de manera extraoficial como Andrea Tamara, fue confirmado por el ayuntamiento de Salina Cruz, que a trav\u00e9s de un comunicado asegur\u00f3 que colaborar\u00e1 en el esclarecimiento de los hechos para deslindar responsabilidades.&nbsp;<\/p>\n\n\n\n<p>De acuerdo con medios informativos de la regi\u00f3n, a la comandancia llegaron elementos de la Agencia Estatal de Investigaciones (AEI) para el levantamiento del cuerpo y la recabaci\u00f3n de los indicios.<\/p>\n\n\n\n<p>El caso tambi\u00e9n sucede a unas semanas de que en este mismo municipio se report\u00f3 y evidenci\u00f3 en video la agresi\u00f3n de una detenida por parte de una polic\u00eda municipal.&nbsp;<\/p>\n\n\n\n<p>Esto ocurri\u00f3 a finales de agosto y de acuerdo con las im\u00e1genes la polic\u00eda golpe\u00f3 a la mujer que iba esposada. Tras el incidente, la polic\u00eda fue separada de su cargo.<\/p>\n\n\n\n<p>HABR\u00c1 COLABORACI\u00d3N&nbsp;<\/p>\n\n\n\n<p>En un comunicado, el ayuntamiento de Salina Cruz (2025-2027) se\u00f1al\u00f3 que: \u00abEl gobierno municipal ser\u00e1 coadyuvante en las investigaciones con las autoridades competentes para determinar las causas del deceso y, en su caso, deslindar responsabilidades conforme a derecho\u00bb.<\/p>\n\n\n\n<p>En el mismo documento dijo que \u00abse dar\u00e1 puntual seguimiento a las investigaciones y se informar\u00e1 oportunamente a la ciudadan\u00eda\u201d.<\/p>\n\n\n\n<p>Con el caso reportado este s\u00e1bado, son ya 60 las muertes violentas de mujeres en lo que va del a\u00f1o 2025 (de enero al 13 de septiembre). Si se considera desde el inicio de la administraci\u00f3n estatal de Salom\u00f3n Jara Cruz, son 264 muertes violentas.<\/p>\n\n\n\n<p>Con base en datos del Secretariado Ejecutivo del Sistema Nacional de Seguridad P\u00fablica (SESNSP), 11 casos ocurridos entre enero y julio se investigan como feminicidios.<\/p>\n\n\n\n<p>TRES A\u00d1OS SIN JUSTICIA<\/p>\n\n\n\n<p>Abigail Hay Urrutia falleci\u00f3 en una celda de la comisar\u00eda de Salina Cruz el 19 de agosto de 2022, luego de ser detenida por la polic\u00eda y golpeada durante su detenci\u00f3n.&nbsp;<\/p>\n\n\n\n<p>Horas m\u00e1s tarde, y en circunstancias a\u00fan extra\u00f1as, la polic\u00eda dijo que supuestamente se hab\u00eda suicidado con su ropa interior.&nbsp;<\/p>\n\n\n\n<p>Sin embargo, la familia acusa que se trat\u00f3 feminicidio y que hasta ahora no hay justicia.&nbsp;<\/p>\n\n\n\n<p>En septiembre de 2022, a m\u00e1s de un mes del hecho, fue difundido un video en que se observa que polic\u00edas de Salina Cruz someten y golpean a Abigail.<\/p>\n\n\n\n<p>En agosto pasado, durante el tercer aniversario de su muerte, el padre de Abigail, Jos\u00e9 Luis Hay, se\u00f1al\u00f3 que el caso fue reclasificado como homicidio de acci\u00f3n por omisi\u00f3n, pues el juez consider\u00f3 que la polic\u00eda no protegi\u00f3 a Abigail durante la custodia.&nbsp;<\/p>\n\n\n\n<p>Por este caso, la organizaci\u00f3n Consorcio Oaxaca tambi\u00e9n ha se\u00f1alado presuntas irregularidades de parte de las autoridades, adem\u00e1s de denunciar que los mandos policiales que hab\u00edan sido suspendidos est\u00e1n laborando nuevamente.<\/p>\n","protected":false},"excerpt":{"rendered":"<p>Lisbeth Mej\u00eda Reyes\/Zona Roja.&nbsp; Oaxaca, Oax., a 13 de septiembre de 2025.- Tres a\u00f1os despu\u00e9s&hellip;<\/p>\n","protected":false},"author":2,"featured_media":84626,"comment_status":"closed","ping_status":"open","sticky":false,"template":"","format":"standard","meta":{"_lmt_disableupdate":"","_lmt_disable":"","_jetpack_memberships_contains_paid_content":false,"footnotes":""},"categories":[109,51],"tags":[3234,168],"class_list":["post-84627","post","type-post","status-publish","format-standard","has-post-thumbnail","hentry","category-minuto-a-minuto","category-zona-roja","tag-abigail-hay-urrutia","tag-salina-cruz"],"jetpack_featured_media_url":"https:\/\/zonaroja.com.mx\/wp-content\/uploads\/2025\/09\/073f7ac2-4434-41f3-8083-529977b74d7d.jpg","jetpack_sharing_enabled":true,"_links":{"self":[{"href":"https:\/\/zonaroja.com.mx\/index.php?rest_route=\/wp\/v2\/posts\/84627","targetHints":{"allow":["GET"]}}],"collection":[{"href":"https:\/\/zonaroja.com.mx\/index.php?rest_route=\/wp\/v2\/posts"}],"about":[{"href":"https:\/\/zonaroja.com.mx\/index.php?rest_route=\/wp\/v2\/types\/post"}],"author":[{"embeddable":true,"href":"https:\/\/zonaroja.com.mx\/index.php?rest_route=\/wp\/v2\/users\/2"}],"replies":[{"embeddable":true,"href":"https:\/\/zonaroja.com.mx\/index.php?rest_route=%2Fwp%2Fv2%2Fcomments&post=84627"}],"version-history":[{"count":2,"href":"https:\/\/zonaroja.com.mx\/index.php?rest_route=\/wp\/v2\/posts\/84627\/revisions"}],"predecessor-version":[{"id":84629,"href":"https:\/\/zonaroja.com.mx\/index.php?rest_route=\/wp\/v2\/posts\/84627\/revisions\/84629"}],"wp:featuredmedia":[{"embeddable":true,"href":"https:\/\/zonaroja.com.mx\/index.php?rest_route=\/wp\/v2\/media\/84626"}],"wp:attachment":[{"href":"https:\/\/zonaroja.com.mx\/index.php?rest_route=%2Fwp%2Fv2%2Fmedia&parent=84627"}],"wp:term":[{"taxonomy":"category","embeddable":true,"href":"https:\/\/zonaroja.com.mx\/index.php?rest_route=%2Fwp%2Fv2%2Fcategories&post=84627"},{"taxonomy":"post_tag","embeddable":true,"href":"https:\/\/zonaroja.com.mx\/index.php?rest_route=%2Fwp%2Fv2%2Ftags&post=84627"}],"curies":[{"name":"wp","href":"https:\/\/api.w.org\/{rel}","templated":true}]}}