{"id":84630,"date":"2025-09-14T08:45:00","date_gmt":"2025-09-14T14:45:00","guid":{"rendered":"https:\/\/zonaroja.com.mx\/?p=84630"},"modified":"2025-09-14T06:53:39","modified_gmt":"2025-09-14T12:53:39","slug":"rinden-declaracion-10-policias-de-salina-cruz-ante-fiscalia-por-muerte-de-mujer","status":"publish","type":"post","link":"https:\/\/zonaroja.com.mx\/?p=84630","title":{"rendered":"Rinden declaraci\u00f3n 10 polic\u00edas de Salina Cruz ante Fiscal\u00eda por muerte de mujer"},"content":{"rendered":"\n<p>Raymundo Morales\/Zona Roja.<\/p>\n\n\n\n<p>Oaxaca, Oax., a 14 de septiembre de 2025.- Al menos 10 polic\u00edas municipales de Salina Cruz fueron presentados ante la Fiscal\u00eda General del Estado de Oaxaca (FGEO) para que rindan su declaraci\u00f3n con respecto a la muerte de una mujer ocurrida ayer por la tarde en los separos.<\/p>\n\n\n\n<p>La v\u00edctima, seg\u00fan se confirm\u00f3 de manera oficial, fue identificada como Andrea Tamara B. A. y presuntamente habr\u00eda sido detenida la v\u00edspera por agredir a otra mujer; adem\u00e1s, la autoridad ministerial indaga las denuncias que interpuso este a\u00f1o en contra de su pareja por violencia contra ella y su hija.<\/p>\n\n\n\n<p>Tras los hechos de ayer, la Fiscal\u00eda inform\u00f3 que realiza los trabajos ministeriales con perspectiva de g\u00e9nero, as\u00ed como las labores necesarias en ciencia forense para determinar cu\u00e1les fueron las causas del fallecimiento de una persona del sexo femenino.<\/p>\n\n\n\n<p>\u201cPor estos hechos, al menos 10 elementos de la polic\u00eda municipal de Salina Cruz que cubr\u00edan el turno en que sucedieron los hechos, fueron trasladados a las oficinas de la Vicefiscal\u00eda Regional del Istmo, de la Fiscal\u00eda de Oaxaca, para que rindan su declaraci\u00f3n inicial\u201d, indic\u00f3 en un comunicado.<\/p>\n\n\n\n<p>A\u00f1adi\u00f3 que, de acuerdo con los primeros reportes de los que tom\u00f3 conocimiento la Fiscal\u00eda, la v\u00edctima, una mujer identificada como A.T.B.A., fue detenida por la polic\u00eda municipal de Salina Cruz, por lo que la trasladaron a la comandancia.<\/p>\n\n\n\n<p>\u201cDerivado de esto, qued\u00f3 bajo resguardo de esta instituci\u00f3n y, este s\u00e1bado 13 de septiembre de 2025, fue localizada sin vida al interior de una celda donde se encontraba detenida, por estos hechos, la FGEO activ\u00f3 el Protocolo de Investigaci\u00f3n Ministerial, Policial y Pericial del Delito de Feminicidio\u201d.<\/p>\n\n\n\n<p>Expuso que ser\u00e1n los trabajos periciales los que ayuden a tener la certeza cient\u00edfica y jur\u00eddica en torno a este caso, en el que adem\u00e1s colabora estrechamente la Fiscal\u00eda para la Atenci\u00f3n e Investigaci\u00f3n de Feminicidios, por lo que un equipo especializado se traslada a la regi\u00f3n para llevar a cabo los trabajos correspondientes.<\/p>\n\n\n\n<p>LA DENUNCIA<\/p>\n\n\n\n<p>De acuerdo con un documento que circul\u00f3 ayer en las redes sociales, este a\u00f1o Andrea Tamara y otras autoridades hab\u00edan presentado una denuncia en contra de corporaciones policiacas municipal y estatal, as\u00ed como contra personal de la Secretar\u00eda de Marina.<\/p>\n\n\n\n<p>Lo anterior, bajo la presunci\u00f3n de abuso de autoridad, allanamiento de morada, y abuso sexual, cometido en contra de las personas denunciantes y en contra de K. I. A. B., hija de Andrea Tamara, quien fue abusada sexualmente, el 11 de abril de este a\u00f1o.<\/p>\n\n\n\n<p>Supuestamente uno de los acusados, quien iba entre los elementos, era el comisario Eloy \u201cN\u201d, quien habr\u00eda participado en los hechos delictivos; de la denuncia hasta ahora se desconoce el curso de las investigaciones.&nbsp;<\/p>\n","protected":false},"excerpt":{"rendered":"<p>Raymundo Morales\/Zona Roja. Oaxaca, Oax., a 14 de septiembre de 2025.- Al menos 10 polic\u00edas&hellip;<\/p>\n","protected":false},"author":2,"featured_media":84631,"comment_status":"closed","ping_status":"open","sticky":false,"template":"","format":"standard","meta":{"_lmt_disableupdate":"","_lmt_disable":"","_jetpack_memberships_contains_paid_content":false,"footnotes":""},"categories":[109,47],"tags":[4450,4451,168],"class_list":["post-84630","post","type-post","status-publish","format-standard","has-post-thumbnail","hentry","category-minuto-a-minuto","category-zona-gris","tag-andrea-tamara-balderas-alegria","tag-policia-municipal-salina-cruz","tag-salina-cruz"],"jetpack_featured_media_url":"https:\/\/zonaroja.com.mx\/wp-content\/uploads\/2025\/09\/Andrea-Tamara-Salina-Cruz.jpg","jetpack_sharing_enabled":true,"_links":{"self":[{"href":"https:\/\/zonaroja.com.mx\/index.php?rest_route=\/wp\/v2\/posts\/84630","targetHints":{"allow":["GET"]}}],"collection":[{"href":"https:\/\/zonaroja.com.mx\/index.php?rest_route=\/wp\/v2\/posts"}],"about":[{"href":"https:\/\/zonaroja.com.mx\/index.php?rest_route=\/wp\/v2\/types\/post"}],"author":[{"embeddable":true,"href":"https:\/\/zonaroja.com.mx\/index.php?rest_route=\/wp\/v2\/users\/2"}],"replies":[{"embeddable":true,"href":"https:\/\/zonaroja.com.mx\/index.php?rest_route=%2Fwp%2Fv2%2Fcomments&post=84630"}],"version-history":[{"count":1,"href":"https:\/\/zonaroja.com.mx\/index.php?rest_route=\/wp\/v2\/posts\/84630\/revisions"}],"predecessor-version":[{"id":84632,"href":"https:\/\/zonaroja.com.mx\/index.php?rest_route=\/wp\/v2\/posts\/84630\/revisions\/84632"}],"wp:featuredmedia":[{"embeddable":true,"href":"https:\/\/zonaroja.com.mx\/index.php?rest_route=\/wp\/v2\/media\/84631"}],"wp:attachment":[{"href":"https:\/\/zonaroja.com.mx\/index.php?rest_route=%2Fwp%2Fv2%2Fmedia&parent=84630"}],"wp:term":[{"taxonomy":"category","embeddable":true,"href":"https:\/\/zonaroja.com.mx\/index.php?rest_route=%2Fwp%2Fv2%2Fcategories&post=84630"},{"taxonomy":"post_tag","embeddable":true,"href":"https:\/\/zonaroja.com.mx\/index.php?rest_route=%2Fwp%2Fv2%2Ftags&post=84630"}],"curies":[{"name":"wp","href":"https:\/\/api.w.org\/{rel}","templated":true}]}}