{"id":84633,"date":"2025-09-14T09:45:00","date_gmt":"2025-09-14T15:45:00","guid":{"rendered":"https:\/\/zonaroja.com.mx\/?p=84633"},"modified":"2025-09-14T06:55:20","modified_gmt":"2025-09-14T12:55:20","slug":"otra-tragedia-por-accidente-vial-deja-15-muertos-ahora-en-yucatan","status":"publish","type":"post","link":"https:\/\/zonaroja.com.mx\/?p=84633","title":{"rendered":"Otra tragedia por accidente vial deja 15 muertos, ahora en Yucat\u00e1n"},"content":{"rendered":"\n<p>Redacci\u00f3n\/Zona Roja Cdmx.<\/p>\n\n\n\n<p>Ciudad de M\u00e9xico, a 14 de septiembre de 2025.- La tragedia visti\u00f3 de nuevo de luto las carreteras de Yucat\u00e1n tras registrarse un aparatoso accidente en el kil\u00f3metro 127 de la carretera federal M\u00e9rida\u2013Campeche, en el tramo Kopom\u00e1\u2013Chochol\u00e1, donde 15 personas perdieron la vida y otras m\u00e1s resultaron heridas.<\/p>\n\n\n\n<p>El percance, seg\u00fan los primeros reportes, involucr\u00f3 a un tr\u00e1iler cargado con cervezas, un autom\u00f3vil particular y una camioneta Urvan de transporte colectivo (otra versi\u00f3n se\u00f1ala que es un veh\u00edculo de traslado particular). La unidad de pasajeros se sali\u00f3 de la v\u00eda, volc\u00f3 y termin\u00f3 incendiada, lo que caus\u00f3 que varias v\u00edctimas quedaran prensadas entre los fierros retorcidos.<\/p>\n\n\n\n<p>Bomberos, param\u00e9dicos y polic\u00edas de la Secretar\u00eda de Seguridad P\u00fablica (SSP) acudieron de inmediato para sofocar las llamas y auxiliar a los lesionados, quienes fueron trasladados de urgencia a hospitales cercanos. Testigos describieron la escena como desgarradora, con cuerpos tendidos sobre el pavimento mientras otros pasajeros ped\u00edan ayuda.<\/p>\n\n\n\n<p>La Secretar\u00eda de Seguridad P\u00fablica inform\u00f3 que en el lugar se confirmaron 15 personas fallecidas, entre ellas el conductor del tractocami\u00f3n que permanec\u00eda dentro de la unidad y una persona m\u00e1s calcinada al interior del taxi colectivo.<\/p>\n\n\n\n<p>Adem\u00e1s, dos lesionados fueron atendidos en el sitio por param\u00e9dicos de la corporaci\u00f3n, mientras que unidades de bomberos trabajaron en el control de riesgos y la atenci\u00f3n de v\u00edctimas.<\/p>\n\n\n\n<p>La zona permanece bajo resguardo en coordinaci\u00f3n con la Guardia Nacional para el desarrollo de las diligencias correspondientes.<\/p>\n\n\n\n<p>En su comunicado, la SSP calific\u00f3 el hecho como \u201clamentable\u201d y subray\u00f3 la importancia de extremar precauciones en carretera, respetar los l\u00edmites de velocidad y atender las disposiciones de seguridad vial. Asimismo, reconoci\u00f3 la labor del personal operativo y el trabajo coordinado de las fuerzas de seguridad federales.<\/p>\n\n\n\n<p>Este siniestro se convierte en uno de los accidentes m\u00e1s mortales registrados en los \u00faltimos a\u00f1os en la v\u00eda M\u00e9rida\u2013Campeche, dejando un saldo de consternaci\u00f3n y dolor entre familiares y pobladores de la regi\u00f3n.<\/p>\n\n\n\n<p>El gobernador de Yucat\u00e1n, Joaqu\u00edn D\u00edaz Mena, utiliz\u00f3 sus redes sociales para pronunciarse sobre la tragedia, extendiendo sus condolencias a las familias.<\/p>\n\n\n\n<p>(Informaci\u00f3n de \u201cDiario de Yucat\u00e1n\u201d)<\/p>\n","protected":false},"excerpt":{"rendered":"<p>Redacci\u00f3n\/Zona Roja Cdmx. Ciudad de M\u00e9xico, a 14 de septiembre de 2025.- La tragedia visti\u00f3&hellip;<\/p>\n","protected":false},"author":2,"featured_media":84637,"comment_status":"closed","ping_status":"open","sticky":false,"template":"","format":"standard","meta":{"_lmt_disableupdate":"","_lmt_disable":"","_jetpack_memberships_contains_paid_content":false,"footnotes":""},"categories":[109,51],"tags":[4452],"class_list":["post-84633","post","type-post","status-publish","format-standard","has-post-thumbnail","hentry","category-minuto-a-minuto","category-zona-roja","tag-accidente-yucatan"],"jetpack_featured_media_url":"https:\/\/zonaroja.com.mx\/wp-content\/uploads\/2025\/09\/Accidente-Yucatan-Campeche.jpg","jetpack_sharing_enabled":true,"_links":{"self":[{"href":"https:\/\/zonaroja.com.mx\/index.php?rest_route=\/wp\/v2\/posts\/84633","targetHints":{"allow":["GET"]}}],"collection":[{"href":"https:\/\/zonaroja.com.mx\/index.php?rest_route=\/wp\/v2\/posts"}],"about":[{"href":"https:\/\/zonaroja.com.mx\/index.php?rest_route=\/wp\/v2\/types\/post"}],"author":[{"embeddable":true,"href":"https:\/\/zonaroja.com.mx\/index.php?rest_route=\/wp\/v2\/users\/2"}],"replies":[{"embeddable":true,"href":"https:\/\/zonaroja.com.mx\/index.php?rest_route=%2Fwp%2Fv2%2Fcomments&post=84633"}],"version-history":[{"count":1,"href":"https:\/\/zonaroja.com.mx\/index.php?rest_route=\/wp\/v2\/posts\/84633\/revisions"}],"predecessor-version":[{"id":84638,"href":"https:\/\/zonaroja.com.mx\/index.php?rest_route=\/wp\/v2\/posts\/84633\/revisions\/84638"}],"wp:featuredmedia":[{"embeddable":true,"href":"https:\/\/zonaroja.com.mx\/index.php?rest_route=\/wp\/v2\/media\/84637"}],"wp:attachment":[{"href":"https:\/\/zonaroja.com.mx\/index.php?rest_route=%2Fwp%2Fv2%2Fmedia&parent=84633"}],"wp:term":[{"taxonomy":"category","embeddable":true,"href":"https:\/\/zonaroja.com.mx\/index.php?rest_route=%2Fwp%2Fv2%2Fcategories&post=84633"},{"taxonomy":"post_tag","embeddable":true,"href":"https:\/\/zonaroja.com.mx\/index.php?rest_route=%2Fwp%2Fv2%2Ftags&post=84633"}],"curies":[{"name":"wp","href":"https:\/\/api.w.org\/{rel}","templated":true}]}}