{"id":84639,"date":"2025-09-14T09:45:00","date_gmt":"2025-09-14T15:45:00","guid":{"rendered":"https:\/\/zonaroja.com.mx\/?p=84639"},"modified":"2025-09-14T18:42:37","modified_gmt":"2025-09-15T00:42:37","slug":"no-cesan-los-asesinatos-en-pinotepa-nacional-ayer-otro","status":"publish","type":"post","link":"https:\/\/zonaroja.com.mx\/?p=84639","title":{"rendered":"No cesan los asesinatos en Pinotepa Nacional; otros dos"},"content":{"rendered":"\n<p>Raymundo Morales\/Zona Roja. Foto: Miguel Z\u00fa\u00f1iga<\/p>\n\n\n\n<p>Oaxaca, Oax., a 14 de septiembre de 2025.- Dos personas del sexo masculino fueron asesinadas entre ayer s\u00e1bado y este domingo en jurisdicci\u00f3n de Santiago Pinotepa Nacional, municipio de la regi\u00f3n Costa.<\/p>\n\n\n\n<p>El primer crimen se perpetro alrededor de las tres de la tarde de ayer en que sujetos armados acribillaron a un individuo, cerca de la carretera federal 200 y de la vialidad que conduce hacia la localidad de Jicaltepec.<\/p>\n\n\n\n<p>La v\u00edctima qued\u00f3 tirada en el piso, frente a un bar, por lo cual personal param\u00e9dico arrib\u00f3 a la zona, para brindar los primeros auxilios; sin embargo, corroboraron que ya no contaba con signos vitales.<\/p>\n\n\n\n<p>El segundo caso ocurri\u00f3 alrededor de las tres de la ma\u00f1ana de hoy en la comunidad de El Ciruelo, de Pinotepa. <\/p>\n\n\n\n<p>El cuerpo presentaba varios impactos de bala en el cuerpo y fue hallada en una vialidad; a\u00fan se desconocen los motivos del crimen. <\/p>\n\n\n\n<p>En ambos casos, personal de la Fiscal\u00eda General del Estado de Oaxaca, adscrito a la Vicefiscal\u00eda Regional de la Costa, arrib\u00f3 a la zona para realizar las primeras indagatorias; hasta el momento se desconoce la identidad de las personas ultimada por disparos de arma de fuego.<\/p>\n","protected":false},"excerpt":{"rendered":"<p>Raymundo Morales\/Zona Roja. Foto: Miguel Z\u00fa\u00f1iga Oaxaca, Oax., a 14 de septiembre de 2025.- Dos&hellip;<\/p>\n","protected":false},"author":2,"featured_media":84656,"comment_status":"closed","ping_status":"open","sticky":false,"template":"","format":"standard","meta":{"_lmt_disableupdate":"","_lmt_disable":"","_jetpack_memberships_contains_paid_content":false,"footnotes":""},"categories":[109,51],"tags":[4060],"class_list":["post-84639","post","type-post","status-publish","format-standard","has-post-thumbnail","hentry","category-minuto-a-minuto","category-zona-roja","tag-asesinato-pinotepa-nacional"],"jetpack_featured_media_url":"https:\/\/zonaroja.com.mx\/wp-content\/uploads\/2025\/09\/Patrulla-policia-Pinotepa-Nacional.jpg","jetpack_sharing_enabled":true,"_links":{"self":[{"href":"https:\/\/zonaroja.com.mx\/index.php?rest_route=\/wp\/v2\/posts\/84639","targetHints":{"allow":["GET"]}}],"collection":[{"href":"https:\/\/zonaroja.com.mx\/index.php?rest_route=\/wp\/v2\/posts"}],"about":[{"href":"https:\/\/zonaroja.com.mx\/index.php?rest_route=\/wp\/v2\/types\/post"}],"author":[{"embeddable":true,"href":"https:\/\/zonaroja.com.mx\/index.php?rest_route=\/wp\/v2\/users\/2"}],"replies":[{"embeddable":true,"href":"https:\/\/zonaroja.com.mx\/index.php?rest_route=%2Fwp%2Fv2%2Fcomments&post=84639"}],"version-history":[{"count":2,"href":"https:\/\/zonaroja.com.mx\/index.php?rest_route=\/wp\/v2\/posts\/84639\/revisions"}],"predecessor-version":[{"id":84652,"href":"https:\/\/zonaroja.com.mx\/index.php?rest_route=\/wp\/v2\/posts\/84639\/revisions\/84652"}],"wp:featuredmedia":[{"embeddable":true,"href":"https:\/\/zonaroja.com.mx\/index.php?rest_route=\/wp\/v2\/media\/84656"}],"wp:attachment":[{"href":"https:\/\/zonaroja.com.mx\/index.php?rest_route=%2Fwp%2Fv2%2Fmedia&parent=84639"}],"wp:term":[{"taxonomy":"category","embeddable":true,"href":"https:\/\/zonaroja.com.mx\/index.php?rest_route=%2Fwp%2Fv2%2Fcategories&post=84639"},{"taxonomy":"post_tag","embeddable":true,"href":"https:\/\/zonaroja.com.mx\/index.php?rest_route=%2Fwp%2Fv2%2Ftags&post=84639"}],"curies":[{"name":"wp","href":"https:\/\/api.w.org\/{rel}","templated":true}]}}