{"id":84643,"date":"2025-09-14T11:06:00","date_gmt":"2025-09-14T17:06:00","guid":{"rendered":"https:\/\/zonaroja.com.mx\/?p=84643"},"modified":"2025-09-14T07:10:39","modified_gmt":"2025-09-14T13:10:39","slug":"entregan-mas-tarjetas-mi-primera-chamba-y-farmacias-bienestar-a-oaxaquenos","status":"publish","type":"post","link":"https:\/\/zonaroja.com.mx\/?p=84643","title":{"rendered":"Entregan m\u00e1s tarjetas \u201cMi primera chamba\u201d y \u201cFarmacias Bienestar\u201d a oaxaque\u00f1os"},"content":{"rendered":"\n<p>Redacci\u00f3n\/Zona Roja.<\/p>\n\n\n\n<p>Oaxaca, Oax., a 14 de septiembre de 2025.- El gobernador Salom\u00f3n Jara Cruz hizo entrega de 835 tarjetas del programa \u201cMi primera chamba\u201d, a igual n\u00famero de j\u00f3venes que se incorporan al mundo laboral en las regiones Sierra Sur, Istmo de Tehuantepec, Costa y Valles Centrales.<\/p>\n\n\n\n<p>En la Universidad Aut\u00f3noma Benito Ju\u00e1rez de Oaxaca (UABJO), el mandatario estatal destac\u00f3 que esta iniciativa, que actualmente se ejecuta a trav\u00e9s de la Secretar\u00eda de Bienestar, Tequio e Inclusi\u00f3n (Sebienti), es una promesa cumplida desde su llegada al gobierno, porque se comprometi\u00f3 a apoyar a las y los profesionistas reci\u00e9n egresados de nivel superior.<\/p>\n\n\n\n<p>\u201cEn ninguna otra parte del pa\u00eds existe este programa, en Oaxaca tenemos \u2018Mi primera chamba\u2019, ejemplo nacional de c\u00f3mo se dan oportunidades a la juventud para que en un a\u00f1o construyan sus ideas, objetivos y prop\u00f3sitos; nuestra administraci\u00f3n es humanista, sensible y tiene compromiso social con los pueblos y comunidades\u201d, afirm\u00f3.<\/p>\n\n\n\n<p>Adem\u00e1s, Jara Cruz destac\u00f3 que la entidad requiere de profesionistas porque como nunca antes en la historia de Oaxaca, se registr\u00f3 un crecimiento econ\u00f3mico de 13.1 por ciento, lo que se traduce en mayores oportunidades de empleo para j\u00f3venes.<\/p>\n\n\n\n<p>Este proyecto brinda a las y los oaxaque\u00f1os la oportunidad de integrarse a una unidad laboral durante un a\u00f1o, periodo en el que obtiene experiencia profesional y una retribuci\u00f3n econ\u00f3mica de ocho mil 364 pesos mensuales.<\/p>\n\n\n\n<p>APOYOS DE MEDICAMENTOS<\/p>\n\n\n\n<p>En otro acto, efectuado en el parque \u201cPrimavera\u201d de la ciudad de Oaxaca, el mandatario estatal entreg\u00f3 tarjetas del programa \u201cFarmacias Bienestar\u201d, en el cual se aplica una inversi\u00f3n de 156 millones de pesos.<\/p>\n\n\n\n<p>En su mensaje destac\u00f3 que este esfuerzo refuerza el derecho a la salud y apoya la econom\u00eda de las familias; por esta raz\u00f3n, adelant\u00f3 que se planea aumentar el n\u00famero de farmacias en la entidad.<\/p>\n\n\n\n<p>\u201cEl gobierno que representamos es humanista, sensible, que acude a las necesidades m\u00e1s apremiantes de nuestros pueblos, y est\u00e1 visitando los 570 municipios\u00bb, afirm\u00f3.<\/p>\n\n\n\n<p>Jara Cruz reiter\u00f3 que su administraci\u00f3n seguir\u00e1 trabajando para recuperar la grandeza del estado, poniendo atenci\u00f3n prioritaria a los sectores hist\u00f3ricamente olvidados y marginados.<\/p>\n\n\n\n<p>Actualmente en el estado est\u00e1n abiertas 13 farmacias en las ocho regiones, las cuales atienden a m\u00e1s de 130 mil personas, con servicios como: consultas m\u00e9dicas gratuitas e ilimitadas, entrega mensual de medicamentos del cuadro b\u00e1sico, an\u00e1lisis cl\u00ednicos anuales, lentes oftalmol\u00f3gicos, atenci\u00f3n dental integral y estudios de papanicolaou.<\/p>\n","protected":false},"excerpt":{"rendered":"<p>Redacci\u00f3n\/Zona Roja. Oaxaca, Oax., a 14 de septiembre de 2025.- El gobernador Salom\u00f3n Jara Cruz&hellip;<\/p>\n","protected":false},"author":2,"featured_media":84640,"comment_status":"closed","ping_status":"open","sticky":false,"template":"","format":"standard","meta":{"_lmt_disableupdate":"","_lmt_disable":"","_jetpack_memberships_contains_paid_content":false,"footnotes":""},"categories":[109,46],"tags":[939],"class_list":["post-84643","post","type-post","status-publish","format-standard","has-post-thumbnail","hentry","category-minuto-a-minuto","category-zona-blanca","tag-salomon-jara-cruz"],"jetpack_featured_media_url":"https:\/\/zonaroja.com.mx\/wp-content\/uploads\/2025\/09\/GOBERNADOR-MI-PRIMERA-CHAMBA-1.jpeg","jetpack_sharing_enabled":true,"_links":{"self":[{"href":"https:\/\/zonaroja.com.mx\/index.php?rest_route=\/wp\/v2\/posts\/84643","targetHints":{"allow":["GET"]}}],"collection":[{"href":"https:\/\/zonaroja.com.mx\/index.php?rest_route=\/wp\/v2\/posts"}],"about":[{"href":"https:\/\/zonaroja.com.mx\/index.php?rest_route=\/wp\/v2\/types\/post"}],"author":[{"embeddable":true,"href":"https:\/\/zonaroja.com.mx\/index.php?rest_route=\/wp\/v2\/users\/2"}],"replies":[{"embeddable":true,"href":"https:\/\/zonaroja.com.mx\/index.php?rest_route=%2Fwp%2Fv2%2Fcomments&post=84643"}],"version-history":[{"count":1,"href":"https:\/\/zonaroja.com.mx\/index.php?rest_route=\/wp\/v2\/posts\/84643\/revisions"}],"predecessor-version":[{"id":84644,"href":"https:\/\/zonaroja.com.mx\/index.php?rest_route=\/wp\/v2\/posts\/84643\/revisions\/84644"}],"wp:featuredmedia":[{"embeddable":true,"href":"https:\/\/zonaroja.com.mx\/index.php?rest_route=\/wp\/v2\/media\/84640"}],"wp:attachment":[{"href":"https:\/\/zonaroja.com.mx\/index.php?rest_route=%2Fwp%2Fv2%2Fmedia&parent=84643"}],"wp:term":[{"taxonomy":"category","embeddable":true,"href":"https:\/\/zonaroja.com.mx\/index.php?rest_route=%2Fwp%2Fv2%2Fcategories&post=84643"},{"taxonomy":"post_tag","embeddable":true,"href":"https:\/\/zonaroja.com.mx\/index.php?rest_route=%2Fwp%2Fv2%2Ftags&post=84643"}],"curies":[{"name":"wp","href":"https:\/\/api.w.org\/{rel}","templated":true}]}}