{"id":84647,"date":"2025-09-14T13:14:00","date_gmt":"2025-09-14T19:14:00","guid":{"rendered":"https:\/\/zonaroja.com.mx\/?p=84647"},"modified":"2025-09-14T07:15:46","modified_gmt":"2025-09-14T13:15:46","slug":"observatorio-ciudadano-del-agua-cuestiona-por-consulta-de-la-presa-margarita-maza","status":"publish","type":"post","link":"https:\/\/zonaroja.com.mx\/?p=84647","title":{"rendered":"Observatorio Ciudadano del Agua cuestiona por consulta de la presa \u201cMargarita Maza\u201d\u00a0"},"content":{"rendered":"\n<p>Lisbeth Mej\u00eda Reyes\/Zona Roja.<\/p>\n\n\n\n<p>Oaxaca, Oax., a 14 de septiembre de 2025.- El Observatorio Ciudadano Comunitario del Agua y Medio Ambiente de los Valles Centrales de Oaxaca (OCCAMA) cuestion\u00f3 al gobierno estatal y federal por la falta de transparencia y la reciente consulta a comunidades ind\u00edgenas del proyecto de la presa \u201cMargarita Maza\u201d, antes \u201cPaso Ancho\u201d.<\/p>\n\n\n\n<p>En una carta p\u00fablica sobre el proyecto, el observatorio se dirigi\u00f3 a la Presidenta de M\u00e9xico, Claudia Sheinbaum; al gobernador de Oaxaca, Salom\u00f3n Jara Cruz, y a las autoridades federales relacionadas con el proyecto, entre estas la Comisi\u00f3n Nacional del Agua (Conagua), para manifestar \u00abla necesidad de transparentar los recursos p\u00fablicos del proyecto\u00bb.<\/p>\n\n\n\n<p>Tambi\u00e9n para exigirle que haya la m\u00e1xima difusi\u00f3n de los diagn\u00f3sticos o estudios de impacto ambiental, pues hasta ahora \u00abninguno incorpora est\u00e1ndares nacionales e internacionales en materia de derechos de los pueblos ind\u00edgenas o ambientales, como el Acuerdo de Escaz\u00fa\u00bb.<\/p>\n\n\n\n<p>El observatorio denunci\u00f3 que hay un desd\u00e9n por \u00abel di\u00e1logo abierto e informado para valorar propuestas que diversas organizaciones y procesos hemos puesto a consideraci\u00f3n\u00bb. Al contrario, dijo, \u00abparece que la pol\u00edtica p\u00fablica solo tiene una sola l\u00ednea: la del gobierno\u00bb.<\/p>\n\n\n\n<p>La carta del OCCAMA se public\u00f3 luego de que la Comisi\u00f3n Nacional del Agua (Conagua) inform\u00f3 que concluy\u00f3 \u00abcon \u00e9xito\u00bb la consulta ind\u00edgena para la construcci\u00f3n de la presa \u201cMargarita Maza\u201d.<\/p>\n\n\n\n<p>Sin especificar qu\u00e9 comunidades dieron su respaldo al proyecto, la Conagua dijo que las consultas se realizaron los d\u00edas 6 y 7 de septiembre de 2025, \u00aben tres asambleas comunitarias, con la participaci\u00f3n de representantes de 40 comunidades de la regi\u00f3n\u00bb. De estas, el organismo federal explic\u00f3 que se obtuvieron 1, 655 votos en favor, ninguno en contra y ninguna abstenci\u00f3n.<\/p>\n\n\n\n<p>Antes de la consulta, el Comisariado de Bienes Comunales de San Vicente Coatl\u00e1n tambi\u00e9n denunci\u00f3 que el proyecto se est\u00e1 desarrollando sin que se resuelva el conflicto agrario entre esta comunidad y Sola de Vega, por lo que existe el riesgo de enfrentamiento y muertes.<\/p>\n\n\n\n<p>En la carta p\u00fablica, el OCCAMA tambi\u00e9n se\u00f1al\u00f3 que coincide con los planeamientos centrales de los pronunciamientos y compromisos que el gobierno federal ha presentado en materia de agua y medio ambiente, en particular el Plan Nacional H\u00eddrico, el Plan Nacional de Desarrollo, as\u00ed como los 10 puntos contemplados en la Agenda ABC: Agua, Biodiversidad y Cambio clim\u00e1tico.&nbsp;<\/p>\n\n\n\n<p>Sin embargo, \u00abtambi\u00e9n queremos decir que hay todav\u00eda varios temas que no permiten garantizar el derecho humano al agua, los derechos de los pueblos originarios a la libre determinaci\u00f3n y territorio, el cumplimiento de los acuerdos internacionales, as\u00ed como una pol\u00edtica p\u00fablica que siente nuevas bases de relaci\u00f3n entre el estado y sus instituciones con la ciudadan\u00eda, y que a la fecha no se ha cumplido con el mandato de una nueva ley de aguas\u00bb.<\/p>\n","protected":false},"excerpt":{"rendered":"<p>Lisbeth Mej\u00eda Reyes\/Zona Roja. Oaxaca, Oax., a 14 de septiembre de 2025.- El Observatorio Ciudadano&hellip;<\/p>\n","protected":false},"author":2,"featured_media":84199,"comment_status":"closed","ping_status":"open","sticky":false,"template":"","format":"standard","meta":{"_lmt_disableupdate":"","_lmt_disable":"","_jetpack_memberships_contains_paid_content":false,"footnotes":""},"categories":[109,47],"tags":[],"class_list":["post-84647","post","type-post","status-publish","format-standard","has-post-thumbnail","hentry","category-minuto-a-minuto","category-zona-gris"],"jetpack_featured_media_url":"https:\/\/zonaroja.com.mx\/wp-content\/uploads\/2025\/09\/Presa-paso-ancho-margarita-maza-Oaxaca.jpeg","jetpack_sharing_enabled":true,"_links":{"self":[{"href":"https:\/\/zonaroja.com.mx\/index.php?rest_route=\/wp\/v2\/posts\/84647","targetHints":{"allow":["GET"]}}],"collection":[{"href":"https:\/\/zonaroja.com.mx\/index.php?rest_route=\/wp\/v2\/posts"}],"about":[{"href":"https:\/\/zonaroja.com.mx\/index.php?rest_route=\/wp\/v2\/types\/post"}],"author":[{"embeddable":true,"href":"https:\/\/zonaroja.com.mx\/index.php?rest_route=\/wp\/v2\/users\/2"}],"replies":[{"embeddable":true,"href":"https:\/\/zonaroja.com.mx\/index.php?rest_route=%2Fwp%2Fv2%2Fcomments&post=84647"}],"version-history":[{"count":1,"href":"https:\/\/zonaroja.com.mx\/index.php?rest_route=\/wp\/v2\/posts\/84647\/revisions"}],"predecessor-version":[{"id":84648,"href":"https:\/\/zonaroja.com.mx\/index.php?rest_route=\/wp\/v2\/posts\/84647\/revisions\/84648"}],"wp:featuredmedia":[{"embeddable":true,"href":"https:\/\/zonaroja.com.mx\/index.php?rest_route=\/wp\/v2\/media\/84199"}],"wp:attachment":[{"href":"https:\/\/zonaroja.com.mx\/index.php?rest_route=%2Fwp%2Fv2%2Fmedia&parent=84647"}],"wp:term":[{"taxonomy":"category","embeddable":true,"href":"https:\/\/zonaroja.com.mx\/index.php?rest_route=%2Fwp%2Fv2%2Fcategories&post=84647"},{"taxonomy":"post_tag","embeddable":true,"href":"https:\/\/zonaroja.com.mx\/index.php?rest_route=%2Fwp%2Fv2%2Ftags&post=84647"}],"curies":[{"name":"wp","href":"https:\/\/api.w.org\/{rel}","templated":true}]}}