{"id":84649,"date":"2025-09-14T14:16:00","date_gmt":"2025-09-14T20:16:00","guid":{"rendered":"https:\/\/zonaroja.com.mx\/?p=84649"},"modified":"2025-09-14T07:18:31","modified_gmt":"2025-09-14T13:18:31","slug":"exodo-en-gaza-mas-de-250-mil-palestinos-huyen-tras-amenazas-israelies","status":"publish","type":"post","link":"https:\/\/zonaroja.com.mx\/?p=84649","title":{"rendered":"\u00c9xodo en Gaza: m\u00e1s de 250 mil palestinos huyen tras amenazas israel\u00edes\u00a0"},"content":{"rendered":"\n<p>Redacci\u00f3n\/Zona Roja Cdmx.<\/p>\n\n\n\n<p>Ciudad de M\u00e9xico, a 14 de septiembre de 2025.- M\u00e1s de 250 mil palestinos abandonan Gaza tras intensos bombardeos israel\u00edes<\/p>\n\n\n\n<p>El ej\u00e9rcito israel\u00ed afirm\u00f3 el s\u00e1bado que m\u00e1s de 250 mil palestinos han abandonado Ciudad de Gaza hacia otras zonas del territorio palestino, tras una intensificaci\u00f3n de los bombardeos y ataques en la principal urbe del enclave.<\/p>\n\n\n\n<p>\u00abSeg\u00fan las estimaciones del ej\u00e9rcito, m\u00e1s de una cuarta parte del mill\u00f3n de habitantes de Ciudad de Gaza la han abandonado por su propia seguridad\u00bb, indic\u00f3 en X el portavoz en \u00e1rabe de las fuerzas armadas israel\u00edes, Avichay Adraee.<\/p>\n\n\n\n<p>Naciones Unidas estima que alrededor de un mill\u00f3n de palestinos viven en Ciudad de Gaza y sus alrededores.<\/p>\n\n\n\n<p>Las restricciones a los medios de comunicaci\u00f3n en Gaza y las dificultades para acceder a muchas \u00e1reas impiden que AFP pueda verificar de forma independiente los detalles proporcionados por los militares o los informes de la agencia de defensa civil del territorio palestino.<\/p>\n\n\n\n<p>El s\u00e1bado, el ej\u00e9rcito israel\u00ed lanz\u00f3 panfletos instando a los residentes en los distritos del oeste a evacuar la zona, mientras la agencia de Defensa Civil de Gaza informaba de continuos ataques a\u00e9reos.<\/p>\n\n\n\n<p>\u00abEl ej\u00e9rcito israel\u00ed est\u00e1 operando con mucha intensidad en su \u00e1rea y est\u00e1 decidido a desmantelar y derrotar a Hamas\u00bb, dec\u00eda la octavilla.<\/p>\n\n\n\n<p>\u00abPor su seguridad, evacuen de inmediato a trav\u00e9s de la calle Al Rashid hacia el sur de Wadi Gaza. Est\u00e1n advertidos\u00bb.<\/p>\n\n\n\n<p>Mohamad Abu Salmiya, director del complejo m\u00e9dico Al Shifa, dijo a AFP que los desplazamientos continuaban dentro de Ciudad de Gaza, con habitantes traslad\u00e1ndose de este a oeste, pero que \u00absolo un peque\u00f1o n\u00famero de personas pudo llegar al sur\u00bb.<\/p>\n\n\n\n<p>\u00abIncluso aquellos que logran huir hacia el sur a menudo no encuentran ning\u00fan lugar donde quedarse, ya que la zona de Al Mawasi est\u00e1 completamente llena y Deir al Balah tambi\u00e9n est\u00e1 superpoblada\u00bb, a\u00f1adi\u00f3.<\/p>\n\n\n\n<p>Israel enfrenta una creciente presi\u00f3n internacional para detener su ofensiva, pero afirma que est\u00e1 decidido a desmantelar a Hamas en lo que describe como uno de los \u00faltimos bastiones del grupo.<\/p>\n\n\n\n<p>En las \u00faltimas semanas, el ej\u00e9rcito ha concentrado sus ataques en edificios de gran altura y afirma que han sido utilizados por milicianos de Hamas.<\/p>\n\n\n\n<p>Naciones Unidas y miembros de la comunidad internacional han advertido contra el asalto militar por temor a que empeore la ya grave situaci\u00f3n humanitaria en la ciudad de Gaza, donde la ONU ha declarado que se vive una situaci\u00f3n de hambruna.<\/p>\n\n\n\n<p>Seg\u00fan la agencia de Defensa Civil, los ataques israel\u00edes mataron a al menos 25 personas desde la madrugada del s\u00e1bado. El viernes, al menos 50 personas murieron en todo el territorio, inform\u00f3 la misma fuente.<\/p>\n\n\n\n<p>\u00abCada noche nos vamos a dormir sin saber si despertaremos vivos\u00bb, dijo a AFP Umm Anas al Ashqar, residente de la ciudad de Gaza.<\/p>\n\n\n\n<p>\u00abEl bombardeo a nuestro alrededor nunca se detiene (&#8230;) Nos quedamos en nuestra casa porque no tenemos a d\u00f3nde m\u00e1s ir. Esto no es vida. La muerte ser\u00eda m\u00e1s f\u00e1cil que esto\u00bb.<\/p>\n\n\n\n<p>(Informaci\u00f3n de la agencia AFP en \u201cLa Jornada\u201d)<\/p>\n","protected":false},"excerpt":{"rendered":"<p>Redacci\u00f3n\/Zona Roja Cdmx. Ciudad de M\u00e9xico, a 14 de septiembre de 2025.- M\u00e1s de 250&hellip;<\/p>\n","protected":false},"author":2,"featured_media":84650,"comment_status":"closed","ping_status":"open","sticky":false,"template":"","format":"standard","meta":{"_lmt_disableupdate":"","_lmt_disable":"","_jetpack_memberships_contains_paid_content":false,"footnotes":""},"categories":[109,47],"tags":[2668],"class_list":["post-84649","post","type-post","status-publish","format-standard","has-post-thumbnail","hentry","category-minuto-a-minuto","category-zona-gris","tag-conflicto-gaza-israel"],"jetpack_featured_media_url":"https:\/\/zonaroja.com.mx\/wp-content\/uploads\/2025\/09\/Exodo-Gaza-Israel.jpg","jetpack_sharing_enabled":true,"_links":{"self":[{"href":"https:\/\/zonaroja.com.mx\/index.php?rest_route=\/wp\/v2\/posts\/84649","targetHints":{"allow":["GET"]}}],"collection":[{"href":"https:\/\/zonaroja.com.mx\/index.php?rest_route=\/wp\/v2\/posts"}],"about":[{"href":"https:\/\/zonaroja.com.mx\/index.php?rest_route=\/wp\/v2\/types\/post"}],"author":[{"embeddable":true,"href":"https:\/\/zonaroja.com.mx\/index.php?rest_route=\/wp\/v2\/users\/2"}],"replies":[{"embeddable":true,"href":"https:\/\/zonaroja.com.mx\/index.php?rest_route=%2Fwp%2Fv2%2Fcomments&post=84649"}],"version-history":[{"count":1,"href":"https:\/\/zonaroja.com.mx\/index.php?rest_route=\/wp\/v2\/posts\/84649\/revisions"}],"predecessor-version":[{"id":84651,"href":"https:\/\/zonaroja.com.mx\/index.php?rest_route=\/wp\/v2\/posts\/84649\/revisions\/84651"}],"wp:featuredmedia":[{"embeddable":true,"href":"https:\/\/zonaroja.com.mx\/index.php?rest_route=\/wp\/v2\/media\/84650"}],"wp:attachment":[{"href":"https:\/\/zonaroja.com.mx\/index.php?rest_route=%2Fwp%2Fv2%2Fmedia&parent=84649"}],"wp:term":[{"taxonomy":"category","embeddable":true,"href":"https:\/\/zonaroja.com.mx\/index.php?rest_route=%2Fwp%2Fv2%2Fcategories&post=84649"},{"taxonomy":"post_tag","embeddable":true,"href":"https:\/\/zonaroja.com.mx\/index.php?rest_route=%2Fwp%2Fv2%2Ftags&post=84649"}],"curies":[{"name":"wp","href":"https:\/\/api.w.org\/{rel}","templated":true}]}}