{"id":8465,"date":"2020-02-06T07:24:53","date_gmt":"2020-02-06T13:24:53","guid":{"rendered":"http:\/\/www.zonaroja.com.mx\/?p=8465"},"modified":"2020-02-06T19:25:27","modified_gmt":"2020-02-07T01:25:27","slug":"tras-mas-de-seis-horas-liberan-comuneros-de-oaxaca-a-elementos-de-guardia-nacional","status":"publish","type":"post","link":"https:\/\/zonaroja.com.mx\/?p=8465","title":{"rendered":"Tras m\u00e1s de 9 horas, liberan comuneros de Oaxaca a elementos de Guardia Nacional"},"content":{"rendered":"\n<p>Redacci\u00f3n\/Zona Roja.<\/p>\n\n\n\n<p>Oaxaca de Ju\u00e1rez, Oax., 6 de febrero de 2020.- Luego de m\u00e1s de nueve horas de retenci\u00f3n, comuneros de Nuevo Zoqui\u00e1pam, Oaxaca, pusieron en libertad a dos elementos de la Guardia Nacional, retenci\u00f3n derivada de un conflicto con sus vecinos de San Agust\u00edn, Etla.<\/p>\n\n\n\n<p>Los obligados a permanecer en dicha comunidad de la regi\u00f3n Sierra Norte fueron identificados como el segundo subinspector nacional de la corporaci\u00f3n, Manuel Bautista, y el elemento \u00c1lvaro Adolfo.<\/p>\n\n\n\n<figure class=\"wp-block-embed-twitter wp-block-embed is-type-rich is-provider-twitter\"><div class=\"wp-block-embed__wrapper\">\n<div class=\"twitter-tweet\"><blockquote class=\"twitter-tweet\" data-lang=\"es\"><p lang=\"es\" dir=\"ltr\"><a href=\"https:\/\/twitter.com\/hashtag\/OaxacaGris?src=hash&amp;ref_src=twsrc%5Etfw\">#OaxacaGris<\/a><br>Despu\u00e9s de varias horas, anoche fueron puestos en libertad dos elementos de la <a href=\"https:\/\/twitter.com\/GN_MEXICO_?ref_src=twsrc%5Etfw\">@GN_MEXICO_<\/a>, retenidos por comuneros de Nuevo Zoqui\u00e1pam, localidad de la regi\u00f3n Sierra Norte de Oaxaca. <a href=\"https:\/\/t.co\/1xAcsIN6bX\">pic.twitter.com\/1xAcsIN6bX<\/a><\/p>&mdash; Zona Roja Oaxaca (@MexRoja) <a href=\"https:\/\/twitter.com\/MexRoja\/status\/1225411094992257024?ref_src=twsrc%5Etfw\">6 de febrero de 2020<\/a><\/blockquote><\/div>\n<\/div><\/figure>\n\n\n\n<p>Fue ayer al mediod\u00eda en que personal de\nla Guardia Nacional acompa\u00f1aba una diligencia con personal agrario para\ndelimitar un \u00e1rea en disputa, lo que gener\u00f3 el enojo de pobladores de Nuevo\nZoqui\u00e1pam.<\/p>\n\n\n\n<p>Tuvieron que acudir funcionarios\nfederales y del gobierno de Oaxaca para dialogar con los comuneros a fin de que\npermitieran la liberaci\u00f3n, lo cual se logr\u00f3 despu\u00e9s de las seis de la tarde.<\/p>\n","protected":false},"excerpt":{"rendered":"<p>Redacci\u00f3n\/Zona Roja. Oaxaca de Ju\u00e1rez, Oax., 6 de febrero de 2020.- Luego de m\u00e1s de&hellip;<\/p>\n","protected":false},"author":2,"featured_media":8466,"comment_status":"closed","ping_status":"open","sticky":false,"template":"","format":"standard","meta":{"_lmt_disableupdate":"","_lmt_disable":"","_jetpack_memberships_contains_paid_content":false,"footnotes":""},"categories":[109,47],"tags":[774],"class_list":["post-8465","post","type-post","status-publish","format-standard","has-post-thumbnail","hentry","category-minuto-a-minuto","category-zona-gris","tag-guardia-nacional-oaxaca"],"jetpack_featured_media_url":"https:\/\/zonaroja.com.mx\/wp-content\/uploads\/2020\/02\/Guardia-Nacional-retenidos.jpg","jetpack_sharing_enabled":true,"_links":{"self":[{"href":"https:\/\/zonaroja.com.mx\/index.php?rest_route=\/wp\/v2\/posts\/8465","targetHints":{"allow":["GET"]}}],"collection":[{"href":"https:\/\/zonaroja.com.mx\/index.php?rest_route=\/wp\/v2\/posts"}],"about":[{"href":"https:\/\/zonaroja.com.mx\/index.php?rest_route=\/wp\/v2\/types\/post"}],"author":[{"embeddable":true,"href":"https:\/\/zonaroja.com.mx\/index.php?rest_route=\/wp\/v2\/users\/2"}],"replies":[{"embeddable":true,"href":"https:\/\/zonaroja.com.mx\/index.php?rest_route=%2Fwp%2Fv2%2Fcomments&post=8465"}],"version-history":[{"count":3,"href":"https:\/\/zonaroja.com.mx\/index.php?rest_route=\/wp\/v2\/posts\/8465\/revisions"}],"predecessor-version":[{"id":8496,"href":"https:\/\/zonaroja.com.mx\/index.php?rest_route=\/wp\/v2\/posts\/8465\/revisions\/8496"}],"wp:featuredmedia":[{"embeddable":true,"href":"https:\/\/zonaroja.com.mx\/index.php?rest_route=\/wp\/v2\/media\/8466"}],"wp:attachment":[{"href":"https:\/\/zonaroja.com.mx\/index.php?rest_route=%2Fwp%2Fv2%2Fmedia&parent=8465"}],"wp:term":[{"taxonomy":"category","embeddable":true,"href":"https:\/\/zonaroja.com.mx\/index.php?rest_route=%2Fwp%2Fv2%2Fcategories&post=8465"},{"taxonomy":"post_tag","embeddable":true,"href":"https:\/\/zonaroja.com.mx\/index.php?rest_route=%2Fwp%2Fv2%2Ftags&post=8465"}],"curies":[{"name":"wp","href":"https:\/\/api.w.org\/{rel}","templated":true}]}}