{"id":84655,"date":"2025-09-14T18:34:58","date_gmt":"2025-09-15T00:34:58","guid":{"rendered":"https:\/\/zonaroja.com.mx\/?p=84655"},"modified":"2025-09-14T18:35:01","modified_gmt":"2025-09-15T00:35:01","slug":"video-confirma-que-andrea-tamara-murio-ahorcada-fiscalia-analiza-datos","status":"publish","type":"post","link":"https:\/\/zonaroja.com.mx\/?p=84655","title":{"rendered":"Video confirma que Andrea Tamara muri\u00f3 ahorcada; Fiscal\u00eda analiza datos"},"content":{"rendered":"\n<p>Ismael Garc\u00eda M.\/Zona Roja.&nbsp;&nbsp;<\/p>\n\n\n\n<p>Oaxaca, Oax., a 14 de septiembre de 2025.- Andrea Tamara B. A. muri\u00f3 por \u201casfixia mec\u00e1nica por ahorcadura de suspensi\u00f3n incompleta\u201d, confirm\u00f3 hoy la Fiscal\u00eda General del Estado de Oaxaca, con base en videos del interior de los separos del ayuntamiento de Salina Cruz.<\/p>\n\n\n\n<p>En un comunicado, dio a conocer que da seguimiento a las investigaciones ministeriales para establecer el grado de responsabilidad de elementos de la polic\u00eda municipal respecto al fallecimiento de una mujer al interior de una celda.<\/p>\n\n\n\n<p>Adem\u00e1s de \u201cllevar a cabo los trabajos periciales y forenses para la extracci\u00f3n de datos de un video en el que se observa el momento de los hechos\u201d.<\/p>\n\n\n\n<p>Expuso que derivado de los trabajos con perspectiva de g\u00e9nero en torno al fallecimiento de la citada persona, peritos expertos en extracci\u00f3n de datos realizan el an\u00e1lisis de videograbaciones de las c\u00e1maras.<\/p>\n\n\n\n<p>\u201cLo anterior, con la finalidad de establecer legalmente las omisiones en el cuidado y custodia de la v\u00edctima y determinar el grado de responsabilidad respecto al caso\u201d.<\/p>\n\n\n\n<p>En tanto que, los resultados de la autopsia a cargo del Instituto de Servicios Periciales revelaron que la causa del fallecimiento es asfixia mec\u00e1nica por ahorcadura de suspensi\u00f3n incompleta.<\/p>\n\n\n\n<p>Como se dio a conocer, Andrea Tamara fue detenida la v\u00edspera por la polic\u00eda municipal de Salina Cruz, que la traslad\u00f3 a la comisar\u00eda.<\/p>\n\n\n\n<p>La mujer qued\u00f3 bajo resguardo de esta instituci\u00f3n y este s\u00e1bado 13 de septiembre de 2025, fue localizada sin vida al interior de una celda donde se encontraba detenida.<\/p>\n\n\n\n<p>\u201cLa Fiscal\u00eda de Oaxaca est\u00e1 comprometida con una actuaci\u00f3n ministerial apegada a los protocolos de investigaci\u00f3n con perspectiva de g\u00e9nero en este tipo de casos, para esclarecer los hechos y fincar las responsabilidades correspondientes de forma contundente y objetiva\u201d, destac\u00f3 la instituci\u00f3n que encabeza Bernardo Rodr\u00edguez Alamilla.<\/p>\n\n\n\n<figure class=\"wp-block-embed is-type-rich is-provider-twitter wp-block-embed-twitter\"><div class=\"wp-block-embed__wrapper\">\n<div class=\"twitter-tweet\"><blockquote class=\"twitter-tweet\" data-lang=\"es\"><p lang=\"es\" dir=\"ltr\">Precauci\u00f3n. Im\u00e1genes sensibles. <a href=\"https:\/\/twitter.com\/hashtag\/%C3%9AltimoMinuto?src=hash&amp;ref_src=twsrc%5Etfw\">#\u00daltimoMinuto<\/a> <br>Revelan parte del video donde Andrea Tamara B. A. se amarra una prenda al cuello, para atarlo a los barrotes, en los separos del municipio de Salina Cruz, Oaxaca. <a href=\"https:\/\/t.co\/6t1EeWTKz5\">pic.twitter.com\/6t1EeWTKz5<\/a><\/p>&mdash; Zona Roja Oaxaca (@ZonaRoja_Oaxaca) <a href=\"https:\/\/twitter.com\/ZonaRoja_Oaxaca\/status\/1967280260950671631?ref_src=twsrc%5Etfw\">14 de septiembre de 2025<\/a><\/blockquote><\/div>\n<\/div><\/figure>\n","protected":false},"excerpt":{"rendered":"<p>Ismael Garc\u00eda M.\/Zona Roja.&nbsp;&nbsp; Oaxaca, Oax., a 14 de septiembre de 2025.- Andrea Tamara B.&hellip;<\/p>\n","protected":false},"author":2,"featured_media":84658,"comment_status":"closed","ping_status":"open","sticky":false,"template":"","format":"standard","meta":{"_lmt_disableupdate":"","_lmt_disable":"","_jetpack_memberships_contains_paid_content":false,"footnotes":""},"categories":[109,47],"tags":[4450,494,168],"class_list":["post-84655","post","type-post","status-publish","format-standard","has-post-thumbnail","hentry","category-minuto-a-minuto","category-zona-gris","tag-andrea-tamara-balderas-alegria","tag-fiscalia-general-del-estado-de-oaxaca","tag-salina-cruz"],"jetpack_featured_media_url":"https:\/\/zonaroja.com.mx\/wp-content\/uploads\/2025\/09\/Andrea-Tamara-se-ahorco-imagen-video-Salina-CRuz.jpg","jetpack_sharing_enabled":true,"_links":{"self":[{"href":"https:\/\/zonaroja.com.mx\/index.php?rest_route=\/wp\/v2\/posts\/84655","targetHints":{"allow":["GET"]}}],"collection":[{"href":"https:\/\/zonaroja.com.mx\/index.php?rest_route=\/wp\/v2\/posts"}],"about":[{"href":"https:\/\/zonaroja.com.mx\/index.php?rest_route=\/wp\/v2\/types\/post"}],"author":[{"embeddable":true,"href":"https:\/\/zonaroja.com.mx\/index.php?rest_route=\/wp\/v2\/users\/2"}],"replies":[{"embeddable":true,"href":"https:\/\/zonaroja.com.mx\/index.php?rest_route=%2Fwp%2Fv2%2Fcomments&post=84655"}],"version-history":[{"count":1,"href":"https:\/\/zonaroja.com.mx\/index.php?rest_route=\/wp\/v2\/posts\/84655\/revisions"}],"predecessor-version":[{"id":84659,"href":"https:\/\/zonaroja.com.mx\/index.php?rest_route=\/wp\/v2\/posts\/84655\/revisions\/84659"}],"wp:featuredmedia":[{"embeddable":true,"href":"https:\/\/zonaroja.com.mx\/index.php?rest_route=\/wp\/v2\/media\/84658"}],"wp:attachment":[{"href":"https:\/\/zonaroja.com.mx\/index.php?rest_route=%2Fwp%2Fv2%2Fmedia&parent=84655"}],"wp:term":[{"taxonomy":"category","embeddable":true,"href":"https:\/\/zonaroja.com.mx\/index.php?rest_route=%2Fwp%2Fv2%2Fcategories&post=84655"},{"taxonomy":"post_tag","embeddable":true,"href":"https:\/\/zonaroja.com.mx\/index.php?rest_route=%2Fwp%2Fv2%2Ftags&post=84655"}],"curies":[{"name":"wp","href":"https:\/\/api.w.org\/{rel}","templated":true}]}}