{"id":84660,"date":"2025-09-14T19:27:52","date_gmt":"2025-09-15T01:27:52","guid":{"rendered":"https:\/\/zonaroja.com.mx\/?p=84660"},"modified":"2025-09-14T19:44:59","modified_gmt":"2025-09-15T01:44:59","slug":"ataque-de-pandillas-en-haiti-deja-42-muertos","status":"publish","type":"post","link":"https:\/\/zonaroja.com.mx\/?p=84660","title":{"rendered":"Ataque de pandillas en Hait\u00ed deja 42 muertos"},"content":{"rendered":"\n<p>Redacci\u00f3n\/Zona Roja.<\/p>\n\n\n\n<p>Oaxaca, Oax., a 14 de septiembre de 2015.- Decenas de personas fueron asesinadas esta semana en un pueblo pesquero al norte de la capital de Hait\u00ed, en la m\u00e1s reciente matanza ejecutada por las poderosas pandillas del pa\u00eds caribe\u00f1o, inform\u00f3 un funcionario el viernes.&nbsp;<\/p>\n\n\n\n<p>Ayer el secretario general de la Organizaci\u00f3n de Naciones Unidas (ONU), Ant\u00f3nio Guterres, conden\u00f3 el hecho.<\/p>\n\n\n\n<p>Al menos 42 personas, entre ellas un ni\u00f1o de cuatro a\u00f1os junto a toda su familia, fueron asesinadas en Labodrie, inform\u00f3 Joseph Louis Baptiste, funcionario del gobierno local, quien se\u00f1al\u00f3 que las matanzas comenzaron el pasado fin de semana y a\u00fan contin\u00faan. Adem\u00e1s hay un n\u00famero indeterminado de heridos y desaparecidos.<\/p>\n\n\n\n<p>\u201cEsta tragedia destaca la necesidad urgente de una intervenci\u00f3n estatal efectiva para poner fin a la impunidad y restaurar la seguridad en la regi\u00f3n\u201d, expres\u00f3.<\/p>\n\n\n\n<p>Baptiste se\u00f1al\u00f3 que las pandillas incendiaron Labodrie y ahora intentan atacar la cercana ciudad de Arcahaie, mientras la polic\u00eda y un grupo de vigilantes locales tratan de detenerlos.<\/p>\n\n\n\n<p>Testigos explicaron que el ataque es en represalia por la muerte de Vladimyr Pierre, Vlad, el n\u00famero dos de la banda Cabaret, quien falleci\u00f3 el 7 de septiembre en enfrentamiento con las fuerzas de seguridad, y era miembro de una poderosa coalici\u00f3n de pandillas conocida como Viv Ansanm (Vivir Juntos).<\/p>\n\n\n\n<p>(Informaci\u00f3n de agencias internacionales en \u201cLa Jornada\u201d)<\/p>\n","protected":false},"excerpt":{"rendered":"<p>Redacci\u00f3n\/Zona Roja. Oaxaca, Oax., a 14 de septiembre de 2015.- Decenas de personas fueron asesinadas&hellip;<\/p>\n","protected":false},"author":2,"featured_media":84661,"comment_status":"closed","ping_status":"open","sticky":false,"template":"","format":"standard","meta":{"_lmt_disableupdate":"","_lmt_disable":"","_jetpack_memberships_contains_paid_content":false,"footnotes":""},"categories":[109,47],"tags":[4453],"class_list":["post-84660","post","type-post","status-publish","format-standard","has-post-thumbnail","hentry","category-minuto-a-minuto","category-zona-gris","tag-violencia-haiti"],"jetpack_featured_media_url":"https:\/\/zonaroja.com.mx\/wp-content\/uploads\/2025\/09\/Protestas-pandillas-Haiti.jpg","jetpack_sharing_enabled":true,"_links":{"self":[{"href":"https:\/\/zonaroja.com.mx\/index.php?rest_route=\/wp\/v2\/posts\/84660","targetHints":{"allow":["GET"]}}],"collection":[{"href":"https:\/\/zonaroja.com.mx\/index.php?rest_route=\/wp\/v2\/posts"}],"about":[{"href":"https:\/\/zonaroja.com.mx\/index.php?rest_route=\/wp\/v2\/types\/post"}],"author":[{"embeddable":true,"href":"https:\/\/zonaroja.com.mx\/index.php?rest_route=\/wp\/v2\/users\/2"}],"replies":[{"embeddable":true,"href":"https:\/\/zonaroja.com.mx\/index.php?rest_route=%2Fwp%2Fv2%2Fcomments&post=84660"}],"version-history":[{"count":2,"href":"https:\/\/zonaroja.com.mx\/index.php?rest_route=\/wp\/v2\/posts\/84660\/revisions"}],"predecessor-version":[{"id":84663,"href":"https:\/\/zonaroja.com.mx\/index.php?rest_route=\/wp\/v2\/posts\/84660\/revisions\/84663"}],"wp:featuredmedia":[{"embeddable":true,"href":"https:\/\/zonaroja.com.mx\/index.php?rest_route=\/wp\/v2\/media\/84661"}],"wp:attachment":[{"href":"https:\/\/zonaroja.com.mx\/index.php?rest_route=%2Fwp%2Fv2%2Fmedia&parent=84660"}],"wp:term":[{"taxonomy":"category","embeddable":true,"href":"https:\/\/zonaroja.com.mx\/index.php?rest_route=%2Fwp%2Fv2%2Fcategories&post=84660"},{"taxonomy":"post_tag","embeddable":true,"href":"https:\/\/zonaroja.com.mx\/index.php?rest_route=%2Fwp%2Fv2%2Ftags&post=84660"}],"curies":[{"name":"wp","href":"https:\/\/api.w.org\/{rel}","templated":true}]}}