{"id":84666,"date":"2025-09-14T20:53:58","date_gmt":"2025-09-15T02:53:58","guid":{"rendered":"https:\/\/zonaroja.com.mx\/?p=84666"},"modified":"2025-09-14T20:54:00","modified_gmt":"2025-09-15T02:54:00","slug":"mato-a-una-mujer-en-juchitan-y-trato-de-simular-un-suicidio-le-dan-80-anos","status":"publish","type":"post","link":"https:\/\/zonaroja.com.mx\/?p=84666","title":{"rendered":"Mato a una mujer en Juchit\u00e1n y trat\u00f3 de simular un suicidio; le dan 80 a\u00f1os"},"content":{"rendered":"\n<p>Redacci\u00f3n\/Zona Roja.&nbsp;<\/p>\n\n\n\n<p>Oaxaca, Oax. 14 de septiembre de 2025.- Fue hace poco m\u00e1s de dos a\u00f1os. Luis Fernando J. S. volvi\u00f3 a discutir con su pareja e intent\u00f3 golpearla.<\/p>\n\n\n\n<p>Pero intervinieron los familiares de ella y apaciguaron los \u00e1nimos, tras lo cual se retiraron del domicilio, en Juchit\u00e1n de Zaragoza.&nbsp;<\/p>\n\n\n\n<p>Apensas se fueron, Luis Fernando arremeti\u00f3 de nuevo contra su mujer, arm\u00f3 la escena para aparentar un suicidio y luego huy\u00f3. Los familiares de la v\u00edctima regresaron y la hallaron muerta.<\/p>\n\n\n\n<p>Los hechos ocurrieron el 21 de agosto de 2023 y tras las investigaciones de la Fiscal\u00eda General del Estado de Oaxaca, el sujeto fue aprehendido, acusado de feminicidio contra M. J. C. U.<\/p>\n\n\n\n<p>La semana que termina, un juez de la causa determin\u00f3 sentenciar a Luis Fernando a 80 a\u00f1os de prisi\u00f3n por el delito de feminicidio agravado y le impuso el pago de una multa de 518 mil 700 pesos por reparaci\u00f3n de da\u00f1o, ello tras las pruebas presentadas por la instituci\u00f3n ministerial.<\/p>\n\n\n\n<p>Con este caso, la Fiscal\u00eda General reiter\u00f3 su compromiso con la procuraci\u00f3n de justicia y el fortalecimiento de las investigaciones para llevar ante la ley a los responsables de la comisi\u00f3n de delitos, especialmente los delitos contra las mujeres que tienen motivos de g\u00e9nero.<\/p>\n","protected":false},"excerpt":{"rendered":"<p>Redacci\u00f3n\/Zona Roja.&nbsp; Oaxaca, Oax. 14 de septiembre de 2025.- Fue hace poco m\u00e1s de dos&hellip;<\/p>\n","protected":false},"author":2,"featured_media":68512,"comment_status":"closed","ping_status":"open","sticky":false,"template":"","format":"standard","meta":{"_lmt_disableupdate":"","_lmt_disable":"","_jetpack_memberships_contains_paid_content":false,"footnotes":""},"categories":[109,46],"tags":[494],"class_list":["post-84666","post","type-post","status-publish","format-standard","has-post-thumbnail","hentry","category-minuto-a-minuto","category-zona-blanca","tag-fiscalia-general-del-estado-de-oaxaca"],"jetpack_featured_media_url":"https:\/\/zonaroja.com.mx\/wp-content\/uploads\/2024\/05\/prision-carcel-sentenciado.jpg","jetpack_sharing_enabled":true,"_links":{"self":[{"href":"https:\/\/zonaroja.com.mx\/index.php?rest_route=\/wp\/v2\/posts\/84666","targetHints":{"allow":["GET"]}}],"collection":[{"href":"https:\/\/zonaroja.com.mx\/index.php?rest_route=\/wp\/v2\/posts"}],"about":[{"href":"https:\/\/zonaroja.com.mx\/index.php?rest_route=\/wp\/v2\/types\/post"}],"author":[{"embeddable":true,"href":"https:\/\/zonaroja.com.mx\/index.php?rest_route=\/wp\/v2\/users\/2"}],"replies":[{"embeddable":true,"href":"https:\/\/zonaroja.com.mx\/index.php?rest_route=%2Fwp%2Fv2%2Fcomments&post=84666"}],"version-history":[{"count":1,"href":"https:\/\/zonaroja.com.mx\/index.php?rest_route=\/wp\/v2\/posts\/84666\/revisions"}],"predecessor-version":[{"id":84667,"href":"https:\/\/zonaroja.com.mx\/index.php?rest_route=\/wp\/v2\/posts\/84666\/revisions\/84667"}],"wp:featuredmedia":[{"embeddable":true,"href":"https:\/\/zonaroja.com.mx\/index.php?rest_route=\/wp\/v2\/media\/68512"}],"wp:attachment":[{"href":"https:\/\/zonaroja.com.mx\/index.php?rest_route=%2Fwp%2Fv2%2Fmedia&parent=84666"}],"wp:term":[{"taxonomy":"category","embeddable":true,"href":"https:\/\/zonaroja.com.mx\/index.php?rest_route=%2Fwp%2Fv2%2Fcategories&post=84666"},{"taxonomy":"post_tag","embeddable":true,"href":"https:\/\/zonaroja.com.mx\/index.php?rest_route=%2Fwp%2Fv2%2Ftags&post=84666"}],"curies":[{"name":"wp","href":"https:\/\/api.w.org\/{rel}","templated":true}]}}