{"id":84670,"date":"2025-09-15T07:27:21","date_gmt":"2025-09-15T13:27:21","guid":{"rendered":"https:\/\/zonaroja.com.mx\/?p=84670"},"modified":"2025-09-15T07:27:24","modified_gmt":"2025-09-15T13:27:24","slug":"vuelve-fiscalia-en-tu-comunidad-a-santa-lucia-del-camino-ahora-en-ixcotel","status":"publish","type":"post","link":"https:\/\/zonaroja.com.mx\/?p=84670","title":{"rendered":"Vuelve \u201cFiscal\u00eda en tu comunidad\u201d a Santa Luc\u00eda del Camino, ahora en Ixcotel"},"content":{"rendered":"\n<p>Redacci\u00f3n\/Zona Roja.<\/p>\n\n\n\n<p>Oaxaca, Oax., a 15 de septiembre de 2025.- \u201cLa colaboraci\u00f3n entre la ciudadan\u00eda y las autoridades permite un di\u00e1logo directo que contribuye a generar las estrategias necesarias para garantizar la paz en la comunidad y la reconstrucci\u00f3n del tejido social\u201d.<\/p>\n\n\n\n<p>As\u00ed lo puntualiz\u00f3 el fiscal de Oaxaca, Bernardo Rodr\u00edguez Alamilla, durante la jornada dominical del programa de proximidad social \u201cFiscal\u00eda en tu Comunidad llega a tu Colonia\u201d que visit\u00f3 por segunda ocasi\u00f3n el municipio de Santa Luc\u00eda del Camino.<\/p>\n\n\n\n<p>En la segunda visita del programa a este municipio de la zona metropolitana de Oaxaca, presidentes de colonias as\u00ed como vecinas y vecinos de la agencia de Santa Mar\u00eda Ixcotel, sostuvieron un di\u00e1logo abierto con las autoridades estatales y municipales para puntualizar las \u00e1reas de oportunidad y mejoramiento de la actuaci\u00f3n gubernamental.<\/p>\n\n\n\n<p>\u201cQueremos que la justicia se acerque a la gente, por eso estamos en Santa Luc\u00eda y por eso visitamos Ixcotel. Buscamos que las instituciones tengan la sensibilidad de escuchar los comentarios de la gente, por eso proponemos un nuevo modelo de atenci\u00f3n m\u00e1s directa y m\u00e1s eficiente\u201d, explic\u00f3 el fiscal.<\/p>\n\n\n\n<p>Este encuentro con la ciudadan\u00eda se llev\u00f3 a cabo con la presencia de la titular del Secretariado Ejecutivo del Sistema Estatal de Seguridad P\u00fablica de Oaxaca, Karina Bar\u00f3n; la anfitrion\u00eda del presidente municipal de Santa Luc\u00eda del Camino, Juan Carlos Garc\u00eda M\u00e1rquez; as\u00ed como el agente municipal de Santa Mar\u00eda Ixcotel, Tom\u00e1s Flavio Cort\u00e9s Vicente; y del titular de la Polic\u00eda Auxiliar, Bancaria, Industrial y Comercial (PABIC), Alejandro Tejada.<\/p>\n\n\n\n<p>Adem\u00e1s del subsecretario de Prevenci\u00f3n y Reinserci\u00f3n Social, Roberto Claudio Castillo; la diputada local del Distrito 12, Daniela Taurino; la regidora de Seguridad, Diana Isabel Maldonado; la directora General de Prevenci\u00f3n del Delito y Participaci\u00f3n Ciudadana, Li Yio P\u00e9rez Z\u00e1rate y el S\u00edndico Municipal, Rub\u00e9n Cruz Garc\u00eda.<\/p>\n\n\n\n<p>\u201cCada una de sus observaciones genera acciones inmediatas por parte de las diferentes instituciones que estamos presentes, porque es parte de la colaboraci\u00f3n interinstitucional para para atenci\u00f3n integral, estamos proponiendo un nuevo modelo de atenci\u00f3n a la ciudadan\u00eda para mejorar los trabajos de seguridad y procuraci\u00f3n de justicia, a trav\u00e9s de este tipo de reuniones sin intermediarios\u201d, precis\u00f3 Rodr\u00edguez Alamilla.<\/p>\n\n\n\n<p>Adem\u00e1s de brindar atenci\u00f3n ciudadana, en esta jornada de trabajo, la ciudadan\u00eda expres\u00f3 sus inquietudes alrededor de diferentes temas de inter\u00e9s que van desde la petici\u00f3n de hacer permanentes los operativos en calles del municipio, as\u00ed como peticiones de infraestructura como luminarias para mejorar la calidad de vida en la comunidad.<\/p>\n\n\n\n<p>\u201cDebemos ponerle atenci\u00f3n al m\u00e1s m\u00ednimo detalle para garantizar la seguridad, por ello trazamos esta ruta de alianza de trabajo con la Fiscal\u00eda y las dem\u00e1s instituciones, pues no podemos trabajar de manera unilateral porque ser\u00eda imposible para cualquier Municipio lograr un avance significativo en la materia\u201d, explic\u00f3 el presidente municipal de Santa Luc\u00eda del Camino, Juan Carlos Garc\u00eda M\u00e1rquez.<\/p>\n\n\n\n<p>En tanto que, la Secretaria Ejecutiva del Sistema Estatal de Seguridad P\u00fablica, Karina Bar\u00f3n, dijo que \u201cTrabajamos para atender las causas en materia de mejoramiento de seguridad, conocer los problemas que tenemos en el territorio, las problem\u00e1ticas cotidianas del d\u00eda a d\u00eda. Venimos a trabajar con ustedes porque as\u00ed se construye la prevenci\u00f3n, as\u00ed se construye la paz\u201d.&nbsp;<\/p>\n\n\n\n<p>Mientras que, a manera de conclusi\u00f3n, el Fiscal de Oaxaca, Bernardo Rodr\u00edguez Alamilla, puntualiz\u00f3 que \u201cAcercamos los servicios de justicia para atender la violencia por raz\u00f3n de g\u00e9nero, traemos orientaci\u00f3n jur\u00eddica, el equipo encargado de la atenci\u00f3n a delitos como extorsi\u00f3n, as\u00ed como el Centro de Justicia Alternativa con los Mecanismos Alternativos para la Soluci\u00f3n de Controversias, como un modelo que atiende con calidad y calidez, adem\u00e1s de reducir los tiempos y generar una mejor percepci\u00f3n hacia las instituciones\u201d.<\/p>\n","protected":false},"excerpt":{"rendered":"<p>Redacci\u00f3n\/Zona Roja. Oaxaca, Oax., a 15 de septiembre de 2025.- \u201cLa colaboraci\u00f3n entre la ciudadan\u00eda&hellip;<\/p>\n","protected":false},"author":2,"featured_media":84671,"comment_status":"closed","ping_status":"open","sticky":false,"template":"","format":"standard","meta":{"_lmt_disableupdate":"","_lmt_disable":"","_jetpack_memberships_contains_paid_content":false,"footnotes":""},"categories":[109,46],"tags":[494],"class_list":["post-84670","post","type-post","status-publish","format-standard","has-post-thumbnail","hentry","category-minuto-a-minuto","category-zona-blanca","tag-fiscalia-general-del-estado-de-oaxaca"],"jetpack_featured_media_url":"https:\/\/zonaroja.com.mx\/wp-content\/uploads\/2025\/09\/Fiscalia-en-tu-comunidad-Ixcotel.jpeg","jetpack_sharing_enabled":true,"_links":{"self":[{"href":"https:\/\/zonaroja.com.mx\/index.php?rest_route=\/wp\/v2\/posts\/84670","targetHints":{"allow":["GET"]}}],"collection":[{"href":"https:\/\/zonaroja.com.mx\/index.php?rest_route=\/wp\/v2\/posts"}],"about":[{"href":"https:\/\/zonaroja.com.mx\/index.php?rest_route=\/wp\/v2\/types\/post"}],"author":[{"embeddable":true,"href":"https:\/\/zonaroja.com.mx\/index.php?rest_route=\/wp\/v2\/users\/2"}],"replies":[{"embeddable":true,"href":"https:\/\/zonaroja.com.mx\/index.php?rest_route=%2Fwp%2Fv2%2Fcomments&post=84670"}],"version-history":[{"count":1,"href":"https:\/\/zonaroja.com.mx\/index.php?rest_route=\/wp\/v2\/posts\/84670\/revisions"}],"predecessor-version":[{"id":84672,"href":"https:\/\/zonaroja.com.mx\/index.php?rest_route=\/wp\/v2\/posts\/84670\/revisions\/84672"}],"wp:featuredmedia":[{"embeddable":true,"href":"https:\/\/zonaroja.com.mx\/index.php?rest_route=\/wp\/v2\/media\/84671"}],"wp:attachment":[{"href":"https:\/\/zonaroja.com.mx\/index.php?rest_route=%2Fwp%2Fv2%2Fmedia&parent=84670"}],"wp:term":[{"taxonomy":"category","embeddable":true,"href":"https:\/\/zonaroja.com.mx\/index.php?rest_route=%2Fwp%2Fv2%2Fcategories&post=84670"},{"taxonomy":"post_tag","embeddable":true,"href":"https:\/\/zonaroja.com.mx\/index.php?rest_route=%2Fwp%2Fv2%2Ftags&post=84670"}],"curies":[{"name":"wp","href":"https:\/\/api.w.org\/{rel}","templated":true}]}}