{"id":84676,"date":"2025-09-15T09:31:00","date_gmt":"2025-09-15T15:31:00","guid":{"rendered":"https:\/\/zonaroja.com.mx\/?p=84676"},"modified":"2025-09-15T07:32:45","modified_gmt":"2025-09-15T13:32:45","slug":"del-toro-vuelve-a-ganar-en-dia-record-para-uae-emirates","status":"publish","type":"post","link":"https:\/\/zonaroja.com.mx\/?p=84676","title":{"rendered":"Del Toro vuelve a ganar en d\u00eda r\u00e9cord para UAE Emirates"},"content":{"rendered":"\n<p>Redacci\u00f3n\/Zona Roja Cdmx.<\/p>\n\n\n\n<p>Ciudad de M\u00e9xico, a 15 de septiembre de 2025.- La magia de Isaac Del Toro en Italia escribi\u00f3 un cuarto episodio. Este domingo, el ciclista mexicano gan\u00f3 el Trofeo Matteotti con tiempo de 4:29:03, redondeando una semana de cuatro victorias en dicho territorio europeo.<\/p>\n\n\n\n<p>Todo empez\u00f3 el 7 de septiembre, cuando gan\u00f3 el GP Industria &amp; Artigianato; tres d\u00edas despu\u00e9s, subi\u00f3 a lo m\u00e1s alto del podio en el Giro della Toscana. A la ma\u00f1ana siguiente se adue\u00f1\u00f3 de la Coppa Sabatini y exactamente una semana despu\u00e9s gan\u00f3 el Trofeo Matteotti.<\/p>\n\n\n\n<p>Disputado en la regi\u00f3n de Pescara desde 1945, el Trofeo Matteotti consiste de un recorrido de 195 kil\u00f3metros (carrera de un d\u00eda) que s\u00f3lo hab\u00eda sido ganado una vez por un latinoamericano: el venezolano Orluis Aular en 2024.<\/p>\n\n\n\n<p>El segundo en la historia es ahora el oriundo de Ensenada, Baja California, quien dej\u00f3 en segundo lugar al portugu\u00e9s Rui Costa (EF Education-Easypost) y en tercero al espa\u00f1ol Paul Miquel (Kern Pharma). Fuera del top 20 quedaron el colombiano Nairo Quintana (Movistar) y el ecuatoriano Richard Carapaz (EF Education-Easypost).<\/p>\n\n\n\n<p>\u201cEn los \u00faltimos kil\u00f3metros sab\u00eda que ten\u00eda buenas piernas. Cuando se abri\u00f3 el sprint, lo di todo. Ganar el Trofeo Matteotti de esta manera es realmente especial. Es una carrera hist\u00f3rica y ganar con sprint la hace a\u00fan m\u00e1s satisfactoria\u201d, destac\u00f3 el mexicano.<\/p>\n\n\n\n<p>Con esta actuaci\u00f3n, Isaac Del Toro lleg\u00f3 a 13 victorias en lo que va de 2025 y 16 en total en su trayectoria profesional con el equipo UAE Team Emirates.<\/p>\n\n\n\n<p>Casi la mitad de las victorias que lleva en este a\u00f1o han sido en territorio, ya que adem\u00e1s de las cuatro de esta semana gan\u00f3 en Milano-Torino en marzo y una etapa (17) del Giro de Italia en mayo. El resto fueron cuatro en Austria y tres en Espa\u00f1a.<\/p>\n\n\n\n<p>Sin embargo, este domingo tuvo un festejo todav\u00eda m\u00e1s grande para UAE Team Emirates, ya que logr\u00f3 empatar el r\u00e9cord mundial de m\u00e1s victorias para un equipo profesional de ciclismo en una misma temporada poco despu\u00e9s de lo ocurrido con Isaac Del Toro.<\/p>\n\n\n\n<p>LAS VICTORIAS<\/p>\n\n\n\n<p>Isaac Del Toro tiene 21 a\u00f1os y debut\u00f3 como parte de UAE Team Emirates apenas en 2024. En su segunda temporada, est\u00e1 destacando como uno de las piezas clave de su equipo.<\/p>\n\n\n\n<p>1. Milano-Torino (marzo)<\/p>\n\n\n\n<p>2. Etapa 17 del Giro de Italia (mayo)<\/p>\n\n\n\n<p>3. Etapa 2 del Tour de Austria (julio)<\/p>\n\n\n\n<p>4. Etapa 3 del Tour de Austria (julio)<\/p>\n\n\n\n<p>5. Etapa 4 del Tour de Austria (julio)<\/p>\n\n\n\n<p>6. Clasificaci\u00f3n general del Tour de Austria (julio)<\/p>\n\n\n\n<p>7. Cl\u00e1sica Terres de l\u2019Ebre (julio)<\/p>\n\n\n\n<p>8. Circuito de Getxo (agosto)<\/p>\n\n\n\n<p>9. Vuelta a Burgos (agosto)<\/p>\n\n\n\n<p>10. GP Industria &amp; Artigianato (septiembre)<\/p>\n\n\n\n<p>11. Giro della Toscana (septiembre)<\/p>\n\n\n\n<p>12. Coppa Sabatini (septiembre)<\/p>\n\n\n\n<p>13. Trofeo Matteotti (septiembre)<\/p>\n\n\n\n<p>(Informaci\u00f3n de \u201cEl Economista\u201d)<\/p>\n","protected":false},"excerpt":{"rendered":"<p>Redacci\u00f3n\/Zona Roja Cdmx. Ciudad de M\u00e9xico, a 15 de septiembre de 2025.- La magia de&hellip;<\/p>\n","protected":false},"author":2,"featured_media":84677,"comment_status":"closed","ping_status":"open","sticky":false,"template":"","format":"standard","meta":{"_lmt_disableupdate":"","_lmt_disable":"","_jetpack_memberships_contains_paid_content":false,"footnotes":""},"categories":[109,46],"tags":[3662],"class_list":["post-84676","post","type-post","status-publish","format-standard","has-post-thumbnail","hentry","category-minuto-a-minuto","category-zona-blanca","tag-ciclista-isaac-del-toro"],"jetpack_featured_media_url":"https:\/\/zonaroja.com.mx\/wp-content\/uploads\/2025\/09\/Isaac-del-Toro.jpeg","jetpack_sharing_enabled":true,"_links":{"self":[{"href":"https:\/\/zonaroja.com.mx\/index.php?rest_route=\/wp\/v2\/posts\/84676","targetHints":{"allow":["GET"]}}],"collection":[{"href":"https:\/\/zonaroja.com.mx\/index.php?rest_route=\/wp\/v2\/posts"}],"about":[{"href":"https:\/\/zonaroja.com.mx\/index.php?rest_route=\/wp\/v2\/types\/post"}],"author":[{"embeddable":true,"href":"https:\/\/zonaroja.com.mx\/index.php?rest_route=\/wp\/v2\/users\/2"}],"replies":[{"embeddable":true,"href":"https:\/\/zonaroja.com.mx\/index.php?rest_route=%2Fwp%2Fv2%2Fcomments&post=84676"}],"version-history":[{"count":1,"href":"https:\/\/zonaroja.com.mx\/index.php?rest_route=\/wp\/v2\/posts\/84676\/revisions"}],"predecessor-version":[{"id":84678,"href":"https:\/\/zonaroja.com.mx\/index.php?rest_route=\/wp\/v2\/posts\/84676\/revisions\/84678"}],"wp:featuredmedia":[{"embeddable":true,"href":"https:\/\/zonaroja.com.mx\/index.php?rest_route=\/wp\/v2\/media\/84677"}],"wp:attachment":[{"href":"https:\/\/zonaroja.com.mx\/index.php?rest_route=%2Fwp%2Fv2%2Fmedia&parent=84676"}],"wp:term":[{"taxonomy":"category","embeddable":true,"href":"https:\/\/zonaroja.com.mx\/index.php?rest_route=%2Fwp%2Fv2%2Fcategories&post=84676"},{"taxonomy":"post_tag","embeddable":true,"href":"https:\/\/zonaroja.com.mx\/index.php?rest_route=%2Fwp%2Fv2%2Ftags&post=84676"}],"curies":[{"name":"wp","href":"https:\/\/api.w.org\/{rel}","templated":true}]}}