{"id":84681,"date":"2025-09-15T12:35:00","date_gmt":"2025-09-15T18:35:00","guid":{"rendered":"https:\/\/zonaroja.com.mx\/?p=84681"},"modified":"2025-09-15T07:36:24","modified_gmt":"2025-09-15T13:36:24","slug":"lo-importante-es-que-el-quehacer-artistico-siga-abriendo-nuevas-puertas-modesto-bernardo","status":"publish","type":"post","link":"https:\/\/zonaroja.com.mx\/?p=84681","title":{"rendered":"\u00abLo importante es que el quehacer art\u00edstico siga abriendo nuevas puertas\u00bb: Modesto Bernardo"},"content":{"rendered":"\n<p>Lisbeth Mej\u00eda Reyes\/Zona Roja.<\/p>\n\n\n\n<p>Oaxaca, Oax., a 15 de septiembre de 2025.- Para el artista Modesto Bernardo (Zimatl\u00e1n de \u00c1lvarez, 1963) \u00abel arte siempre tiene su propia l\u00f3gica, su propio m\u00e9todo\u00bb. A \u00e9l lo ha llevado a exponer su trabajo no solo en su estado natal, Oaxaca, sino en otros pa\u00edses como Estados Unidos, Francia, Canad\u00e1 y Jap\u00f3n. Ahora, esa l\u00f3gica lo hizo merecedor del premio al m\u00e9rito art\u00edstico y la medalla Rodolfo Morales, que en honor a este artista de Ocotl\u00e1n de Morelos le entreg\u00f3 el pasado 9 de septiembre la 66 Legislatura local.&nbsp;<\/p>\n\n\n\n<p>El reconocimiento fue tambi\u00e9n para el artista Ad\u00e1n Paredes, originario de Ciudad de M\u00e9xico y afincado en Oaxaca.<\/p>\n\n\n\n<p>El premio fue una sorpresa para Modesto Bernardo, conocido como \u00abEl Tlacuilo\u00bb. Aunque tambi\u00e9n reafirma su compromiso con el quehacer del arte oaxaque\u00f1o. \u00abEl hecho de que se reconozca el quehacer, a veces aislado, a veces no tan visible, le deja la posibilidad a todos de que en alg\u00fan momento su quehacer puede trascender, puede dejar huella. Es la motivaci\u00f3n que todo mundo traemos, sobre todo la vieja guardia, que no pensamos tanto en la parte econ\u00f3mica sino en la satisfacci\u00f3n de querer hacer lo que nos gusta\u00bb, expres\u00f3 el autor tras recibir el galard\u00f3n.<\/p>\n\n\n\n<p>En entrevista con Zona Roja, Bernardo responde que, afortunadamente, en Oaxaca hay mucho talento. \u00abRecuerdo alg\u00fan tiempo que en Oaxaca se ve\u00eda muy poco el arte formal, porque el arte siempre ha existido, pero ahorita en las nuevas generaciones existen much\u00edsimos (talentos). Me encanta presumir que en Oaxaca tenemos, sobre todo en la gr\u00e1fica, la producci\u00f3n m\u00e1s grande de Am\u00e9rica Latina. Tenemos m\u00e1s de 500 talleres trabajando y me atrever\u00eda a pensar que es el estado con m\u00e1s producci\u00f3n art\u00edstica, aparte de las artes pl\u00e1sticas\u00bb detalla.<\/p>\n\n\n\n<p>-\u00bfHac\u00eda falta el reconocimiento y falta la difusi\u00f3n?&nbsp;<\/p>\n\n\n\n<p>-No creo que tanto el reconocimiento, el reconocimiento, de alguna manera, halaga el ego. Lo importante es que el quehacer art\u00edstico siga abriendo nuevas puertas y teniendo nuevos escaparates.<\/p>\n\n\n\n<p>-\u00bfD\u00f3nde qued\u00f3 la lucha social del arte?<\/p>\n\n\n\n<p>-Yo creo que el hecho de poder tener foros, hacer que nuestras ideas, sobre todo en la denuncia, en la resistencia, en aquello que de repente se mete bajo el tapete, se pueda hacer m\u00e1s visible. Yo creo que va de la mano, no podemos dividir al artista del hombre. De alguna forma, en la medida que algo es visible, la otra parte tambi\u00e9n lo es.<\/p>\n\n\n\n<p>Al ser consultado sobre los proyectos que tiene, Modesto Bernardo optar por responder que \u00abel arte siempre tiene su propia l\u00f3gica, su propio m\u00e9todo. Yo respondo, como ser humano, a las circunstancias y va a ser la vida la que dicte por d\u00f3nde jalar. Y en esos estamos\u00bb.<\/p>\n\n\n\n<p>El pasado 9 de septiembre, durante la entrega del premio al m\u00e9rito art\u00edstico y la medalla Rodolfo Morales, Modesto Bernardo expres\u00f3 que su obra intenta reflejar la visi\u00f3n particular de las comunidades, quienes ven en estas expresiones m\u00e1s all\u00e1 de lo comercial.<\/p>\n\n\n\n<p>El autor conocido como \u00abEl Tlacuilo\u00bb inici\u00f3 sus estudios en artes pl\u00e1sticas en la Universidad Benito Ju\u00e1rez de Oaxaca, a los 22 a\u00f1os de edad. Tambi\u00e9n fue alumno del Taller de Artes Pl\u00e1sticas Rufino Tamayo.<\/p>\n\n\n\n<p>Desde 1987, su obra se ha exhibido en M\u00e9xico, Francia, Estados Unidos, Tokio y Canad\u00e1. Tambi\u00e9n tiene una fundaci\u00f3n denonimada \u00abEl Tlacuilo\u00bb, con la que ha impartido talleres de arte a ni\u00f1os y adolescentes.<\/p>\n","protected":false},"excerpt":{"rendered":"<p>Lisbeth Mej\u00eda Reyes\/Zona Roja. Oaxaca, Oax., a 15 de septiembre de 2025.- Para el artista&hellip;<\/p>\n","protected":false},"author":2,"featured_media":84682,"comment_status":"closed","ping_status":"open","sticky":false,"template":"","format":"standard","meta":{"_lmt_disableupdate":"","_lmt_disable":"","_jetpack_memberships_contains_paid_content":false,"footnotes":""},"categories":[109,46],"tags":[2074],"class_list":["post-84681","post","type-post","status-publish","format-standard","has-post-thumbnail","hentry","category-minuto-a-minuto","category-zona-blanca","tag-pintor-modesto-bernardo"],"jetpack_featured_media_url":"https:\/\/zonaroja.com.mx\/wp-content\/uploads\/2025\/09\/Pintor-Modesto-Bernardo.jpg","jetpack_sharing_enabled":true,"_links":{"self":[{"href":"https:\/\/zonaroja.com.mx\/index.php?rest_route=\/wp\/v2\/posts\/84681","targetHints":{"allow":["GET"]}}],"collection":[{"href":"https:\/\/zonaroja.com.mx\/index.php?rest_route=\/wp\/v2\/posts"}],"about":[{"href":"https:\/\/zonaroja.com.mx\/index.php?rest_route=\/wp\/v2\/types\/post"}],"author":[{"embeddable":true,"href":"https:\/\/zonaroja.com.mx\/index.php?rest_route=\/wp\/v2\/users\/2"}],"replies":[{"embeddable":true,"href":"https:\/\/zonaroja.com.mx\/index.php?rest_route=%2Fwp%2Fv2%2Fcomments&post=84681"}],"version-history":[{"count":1,"href":"https:\/\/zonaroja.com.mx\/index.php?rest_route=\/wp\/v2\/posts\/84681\/revisions"}],"predecessor-version":[{"id":84683,"href":"https:\/\/zonaroja.com.mx\/index.php?rest_route=\/wp\/v2\/posts\/84681\/revisions\/84683"}],"wp:featuredmedia":[{"embeddable":true,"href":"https:\/\/zonaroja.com.mx\/index.php?rest_route=\/wp\/v2\/media\/84682"}],"wp:attachment":[{"href":"https:\/\/zonaroja.com.mx\/index.php?rest_route=%2Fwp%2Fv2%2Fmedia&parent=84681"}],"wp:term":[{"taxonomy":"category","embeddable":true,"href":"https:\/\/zonaroja.com.mx\/index.php?rest_route=%2Fwp%2Fv2%2Fcategories&post=84681"},{"taxonomy":"post_tag","embeddable":true,"href":"https:\/\/zonaroja.com.mx\/index.php?rest_route=%2Fwp%2Fv2%2Ftags&post=84681"}],"curies":[{"name":"wp","href":"https:\/\/api.w.org\/{rel}","templated":true}]}}