{"id":84684,"date":"2025-09-15T07:46:13","date_gmt":"2025-09-15T13:46:13","guid":{"rendered":"https:\/\/zonaroja.com.mx\/?p=84684"},"modified":"2025-09-15T07:46:15","modified_gmt":"2025-09-15T13:46:15","slug":"la-cuenta-esta-pendiente-le-dicen-a-alejandro-murat","status":"publish","type":"post","link":"https:\/\/zonaroja.com.mx\/?p=84684","title":{"rendered":"\u201cLa cuenta est\u00e1 pendiente\u201d, le dicen a Alejandro Murat"},"content":{"rendered":"\n<p>Raymundo Morales\/Zona Roja.<\/p>\n\n\n\n<p>Oaxaca, Oax., a 15 de septiembre de 2025.- Organizaciones sociales de Oaxaca sentenciaron al hoy senador por Morena, Alejandro Murat Hinojosa, que no se olvida la represi\u00f3n que cometi\u00f3 hace tres a\u00f1os.<\/p>\n\n\n\n<p>Fue el 14 de septiembre de 2022 en que una protesta social en inmediaciones del crucero del aeropuerto internacional, jurisdicci\u00f3n de San Agust\u00edn de las Juntas, en que grupos de choque llegaron a desalojarlos, denunci\u00f3 el Consejo de Comunidades Indigenas de la Sierra Sur (COCISS).<\/p>\n\n\n\n<p>Desde el z\u00f3calo de la capital, acus\u00f3 que fueron grupos paramilitares y de choque pristas fuertemente armados que se encontraban al servicio del Estado encabezado por Alejandro Murat Hinojosa, exgobernador, quienes encabezaron la agresi\u00f3n, donde resultaron 19 heridos de gravedad, hasta el d\u00eda de hoy cinco de ellos se encuentran incapacitados por los golpes que padecieron.<\/p>\n\n\n\n<p>\u201cEsta represi\u00f3n no fue solo la despedida de un gobierno viejo y caduco como lo fue el PRI en el estado de Oaxaca\u2026 sino tambi\u00e9n una bienvenida del \u2018nuevo\u2019 gobierno que anunci\u00f3 una primavera oaxaque\u00f1a en el estado, pues ese mismo modus operandi lo hemos visto replicado\u201d en el actual gobierno.<\/p>\n\n\n\n<p>Ante lo que consideran escalada represiva, no nada m\u00e1s en el estado de Oaxaca, sino a nivel pa\u00eds, \u201clas autoridades competentes en lugar de atender las demandas leg\u00edtimas de los pueblos, responden con golpes, gases, c\u00e1rceles, carpetas de investigaci\u00f3n, no podemos permitir que se normalice la violencia contra quienes luchan por una causa justa, la represi\u00f3n, persecuci\u00f3n, no nos va a callar, hoy m\u00e1s que nunca se necesita la solidaridad activa de todos, ante una acci\u00f3n habr\u00e1 una reacci\u00f3n.<\/p>\n\n\n\n<p>Aseguraron que Alejandro Murat, hoy protegido por Morena con fueron de senador, deber\u00e1 pagar por la represi\u00f3n que orden\u00f3 hace tres a\u00f1os y las organizaciones sociales estar\u00e1n al pendientes para que se haga justicia.<\/p>\n\n\n\n<p>\u201cEs en ese sentido que no podemos como movimiento social permitimos olvidar y mucho menos pasar por alto que esas acciones queden en total impunidad, pues ya han sido muchos los agravios sin castigos que el pueblo de Oaxaca ha resistido\u201d, expusieron en su conferencia de prensa de ayer.<\/p>\n","protected":false},"excerpt":{"rendered":"<p>Raymundo Morales\/Zona Roja. Oaxaca, Oax., a 15 de septiembre de 2025.- Organizaciones sociales de Oaxaca&hellip;<\/p>\n","protected":false},"author":2,"featured_media":84685,"comment_status":"closed","ping_status":"open","sticky":false,"template":"","format":"standard","meta":{"_lmt_disableupdate":"","_lmt_disable":"","_jetpack_memberships_contains_paid_content":false,"footnotes":""},"categories":[109,47],"tags":[],"class_list":["post-84684","post","type-post","status-publish","format-standard","has-post-thumbnail","hentry","category-minuto-a-minuto","category-zona-gris"],"jetpack_featured_media_url":"https:\/\/zonaroja.com.mx\/wp-content\/uploads\/2025\/09\/COSSIS-.jpg","jetpack_sharing_enabled":true,"_links":{"self":[{"href":"https:\/\/zonaroja.com.mx\/index.php?rest_route=\/wp\/v2\/posts\/84684","targetHints":{"allow":["GET"]}}],"collection":[{"href":"https:\/\/zonaroja.com.mx\/index.php?rest_route=\/wp\/v2\/posts"}],"about":[{"href":"https:\/\/zonaroja.com.mx\/index.php?rest_route=\/wp\/v2\/types\/post"}],"author":[{"embeddable":true,"href":"https:\/\/zonaroja.com.mx\/index.php?rest_route=\/wp\/v2\/users\/2"}],"replies":[{"embeddable":true,"href":"https:\/\/zonaroja.com.mx\/index.php?rest_route=%2Fwp%2Fv2%2Fcomments&post=84684"}],"version-history":[{"count":1,"href":"https:\/\/zonaroja.com.mx\/index.php?rest_route=\/wp\/v2\/posts\/84684\/revisions"}],"predecessor-version":[{"id":84686,"href":"https:\/\/zonaroja.com.mx\/index.php?rest_route=\/wp\/v2\/posts\/84684\/revisions\/84686"}],"wp:featuredmedia":[{"embeddable":true,"href":"https:\/\/zonaroja.com.mx\/index.php?rest_route=\/wp\/v2\/media\/84685"}],"wp:attachment":[{"href":"https:\/\/zonaroja.com.mx\/index.php?rest_route=%2Fwp%2Fv2%2Fmedia&parent=84684"}],"wp:term":[{"taxonomy":"category","embeddable":true,"href":"https:\/\/zonaroja.com.mx\/index.php?rest_route=%2Fwp%2Fv2%2Fcategories&post=84684"},{"taxonomy":"post_tag","embeddable":true,"href":"https:\/\/zonaroja.com.mx\/index.php?rest_route=%2Fwp%2Fv2%2Ftags&post=84684"}],"curies":[{"name":"wp","href":"https:\/\/api.w.org\/{rel}","templated":true}]}}