{"id":84690,"date":"2025-09-15T13:57:56","date_gmt":"2025-09-15T19:57:56","guid":{"rendered":"https:\/\/zonaroja.com.mx\/?p=84690"},"modified":"2025-09-15T13:57:56","modified_gmt":"2025-09-15T19:57:56","slug":"recrudece-conflicto-entre-santa-maria-zaniza-y-santiago-amoltepec-ya-hay-dos-muertos","status":"publish","type":"post","link":"https:\/\/zonaroja.com.mx\/?p=84690","title":{"rendered":"Recrudece conflicto entre Santa Mar\u00eda Zaniza y Santiago Amoltepec; ya hay dos muertos&nbsp;"},"content":{"rendered":"\n<p>Ismael Garc\u00eda M.\/Zona Roja.&nbsp;<\/p>\n\n\n\n<p>Oaxaca, Oax., a 15 de septiembre de 2025.- Dos v\u00edctimas fatales y varias m\u00e1s lesionadas de bala es el saldo preliminar de un ataque armado entre Santa Mar\u00eda Zaniza y Santiago Amoltepec, por el conflicto agrario que recrudeci\u00f3 ayer.&nbsp;<\/p>\n\n\n\n<p>De acuerdo con informaci\u00f3n del periodista H\u00e9ctor Acevedo, la problem\u00e1tica se reactiv\u00f3 ayer, que fue ultimado Jos\u00e9 Santiago Guti\u00e9rrez, de 62 a\u00f1os, originario de la agencia de R\u00edo Ciruelo, Santiago Amoltepec.&nbsp;<\/p>\n\n\n\n<p>Su cuerpo fue localizado en jurisdicci\u00f3n de Zaniza, hecho que gener\u00f3 inconformidad y movilizaci\u00f3n por pobladores de Amoltepec.<\/p>\n\n\n\n<p>Los habitantes rebasaron a la autoridad municipal y culpan al secretario de Gobierno, Jes\u00fas Romero L\u00f3pez, de no atender a tiempo la problem\u00e1tica, por lo que tuvieron que acudir para intentar recuperar el cuerpo.&nbsp;<\/p>\n\n\n\n<p>Sin embargo, la ma\u00f1ana de este lunes 15 de septiembre, alrededor de las 07:00 horas, se registr\u00f3 un nuevo enfrentamiento en la misma zona, donde resultaron heridos Guadalupe Mata Torres, de 48 a\u00f1os, originario de R\u00edo Ciruelo, Amoltepec, y Felipe Yezcas Ram\u00edrez, de 43 a\u00f1os, tambi\u00e9n de R\u00edo Ciruelo; el primero de ellos muri\u00f3 despu\u00e9s del mediod\u00eda.&nbsp;<\/p>\n\n\n\n<p>El comunicador relata que ante la situaci\u00f3n, el magisterio de Amoltepec, perteneciente a la Secci\u00f3n 22 del SNTE, anunci\u00f3 la suspensi\u00f3n de clases y la cancelaci\u00f3n de las actividades c\u00edvicas del 15 y 16 de septiembre, en protesta por la violencia y la falta de condiciones de seguridad.<\/p>\n\n\n\n<p>Hasta el momento, la zona permanece en tensa calma, mientras los pobladores esperan el arribo de corporaciones de seguridad y la intervenci\u00f3n del gobierno estatal para restablecer la paz, advirtiendo que, de no haber respuesta inmediata, podr\u00edan retomar acciones por cuenta propia.<\/p>\n","protected":false},"excerpt":{"rendered":"<p>Ismael Garc\u00eda M.\/Zona Roja.&nbsp; Oaxaca, Oax., a 15 de septiembre de 2025.- Dos v\u00edctimas fatales&hellip;<\/p>\n","protected":false},"author":2,"featured_media":84689,"comment_status":"closed","ping_status":"open","sticky":false,"template":"","format":"standard","meta":{"_lmt_disableupdate":"","_lmt_disable":"","_jetpack_memberships_contains_paid_content":false,"footnotes":""},"categories":[109,47],"tags":[860],"class_list":["post-84690","post","type-post","status-publish","format-standard","has-post-thumbnail","hentry","category-minuto-a-minuto","category-zona-gris","tag-santiago-amoltepec"],"jetpack_featured_media_url":"https:\/\/zonaroja.com.mx\/wp-content\/uploads\/2025\/09\/9beaea5c-a3a1-40af-bb6a-0c0213368041.jpg","jetpack_sharing_enabled":true,"_links":{"self":[{"href":"https:\/\/zonaroja.com.mx\/index.php?rest_route=\/wp\/v2\/posts\/84690","targetHints":{"allow":["GET"]}}],"collection":[{"href":"https:\/\/zonaroja.com.mx\/index.php?rest_route=\/wp\/v2\/posts"}],"about":[{"href":"https:\/\/zonaroja.com.mx\/index.php?rest_route=\/wp\/v2\/types\/post"}],"author":[{"embeddable":true,"href":"https:\/\/zonaroja.com.mx\/index.php?rest_route=\/wp\/v2\/users\/2"}],"replies":[{"embeddable":true,"href":"https:\/\/zonaroja.com.mx\/index.php?rest_route=%2Fwp%2Fv2%2Fcomments&post=84690"}],"version-history":[{"count":1,"href":"https:\/\/zonaroja.com.mx\/index.php?rest_route=\/wp\/v2\/posts\/84690\/revisions"}],"predecessor-version":[{"id":84691,"href":"https:\/\/zonaroja.com.mx\/index.php?rest_route=\/wp\/v2\/posts\/84690\/revisions\/84691"}],"wp:featuredmedia":[{"embeddable":true,"href":"https:\/\/zonaroja.com.mx\/index.php?rest_route=\/wp\/v2\/media\/84689"}],"wp:attachment":[{"href":"https:\/\/zonaroja.com.mx\/index.php?rest_route=%2Fwp%2Fv2%2Fmedia&parent=84690"}],"wp:term":[{"taxonomy":"category","embeddable":true,"href":"https:\/\/zonaroja.com.mx\/index.php?rest_route=%2Fwp%2Fv2%2Fcategories&post=84690"},{"taxonomy":"post_tag","embeddable":true,"href":"https:\/\/zonaroja.com.mx\/index.php?rest_route=%2Fwp%2Fv2%2Ftags&post=84690"}],"curies":[{"name":"wp","href":"https:\/\/api.w.org\/{rel}","templated":true}]}}