{"id":84699,"date":"2025-09-15T19:22:07","date_gmt":"2025-09-16T01:22:07","guid":{"rendered":"https:\/\/zonaroja.com.mx\/?p=84699"},"modified":"2025-09-15T19:22:10","modified_gmt":"2025-09-16T01:22:10","slug":"matan-a-un-individuo-en-cuilapam-de-guerrero-y-a-otro-en-tlaxiaco","status":"publish","type":"post","link":"https:\/\/zonaroja.com.mx\/?p=84699","title":{"rendered":"Matan a un individuo en Cuil\u00e1pam de Guerrero y a otro en Tlaxiaco"},"content":{"rendered":"\n<p>Raymundo Morales\/Zona Roja.<\/p>\n\n\n\n<p>Oaxaca, Oax., a 15 de septiembre de 2025.- A unas horas de la ceremonia del Grito de Independencia, una persona del sexo masculino fue asesinada a balazos en Cuil\u00e1pam de Guerrero, municipio conurbado a la ciudad de Oaxaca.<\/p>\n\n\n\n<p>El ataque armado se perpetr\u00f3 alrededor de las 14:00 horas en inmediaciones del barrio San Lucas, en contra de un individuo que se trasladaba a bordo de su motocicleta.<\/p>\n\n\n\n<p>Cuando arribaron los polic\u00edas municipales, \u00fanicamente hallaron el cuerpo sin vida de quien hasta el momento no ha sido identificado, as\u00ed como su unidad de motor a un costado.<\/p>\n\n\n\n<p>De manera cotidiana, los hechos delictivos se han registrado en dicho municipio, gobernado por Mayra Silva Fern\u00e1ndez, del Partido Morena, sin que se ponga freno a la ola criminal.<\/p>\n\n\n\n<p>Por otra parte, en la localidad de Yosonduva Cuquila, perteneciente al municipio de Santa Mar\u00eda Cuquila, en la regi\u00f3n Mixteca, fue hallado un cuerpo sin vida, al parecer con impactos de arma de fuego.<\/p>\n\n\n\n<p>De manera preliminar se dio a conocer a trav\u00e9s de medios informativos de la zona, que se trata de Ra\u00fal \u201cN\u201d, originario de Santo Tom\u00e1s Ocotepec, y hasta el momento no hay reporte oficial de las causas del homicidio.<\/p>\n\n\n\n<p>Mientras tanto, en la regi\u00f3n del Istmo tambi\u00e9n este lunes sucedieron diversos hechos violentos, uno de ellos un ataque armado en contra de tres personas, dos adultos y una menor de edad, en Santo Domingo Tehuantepec.<\/p>\n\n\n\n<p>Fue a la altura del hotel \u201cLas Palmas\u201d, ubicado a un costado a un costado de la carretera Panamericana, y a\u00fan se desconocen las causas de la agresi\u00f3n; las tres personas fueron trasladadas a un hospital y las reportan delicadas de salud.<\/p>\n\n\n\n<p>Por otra parte, en el municipio de Salina Cruz se registr\u00f3 un asalto a una sucursal bancaria de BBVA, ubicado en la calle Mazatl\u00e1n, Centro.<\/p>\n\n\n\n<p>A\u00fan se desconoce el monto de lo robado pero el hecho registr\u00f3 adem\u00e1s una persona lesionada; los asaltantes huyeron de inmediato a bordo de motocicletas.<\/p>\n","protected":false},"excerpt":{"rendered":"<p>Raymundo Morales\/Zona Roja. Oaxaca, Oax., a 15 de septiembre de 2025.- A unas horas de&hellip;<\/p>\n","protected":false},"author":2,"featured_media":84695,"comment_status":"closed","ping_status":"open","sticky":false,"template":"","format":"standard","meta":{"_lmt_disableupdate":"","_lmt_disable":"","_jetpack_memberships_contains_paid_content":false,"footnotes":""},"categories":[109,51],"tags":[1719],"class_list":["post-84699","post","type-post","status-publish","format-standard","has-post-thumbnail","hentry","category-minuto-a-minuto","category-zona-roja","tag-cuilapam-de-guerrero"],"jetpack_featured_media_url":"https:\/\/zonaroja.com.mx\/wp-content\/uploads\/2025\/09\/Balacera-Tehuantepec.jpg","jetpack_sharing_enabled":true,"_links":{"self":[{"href":"https:\/\/zonaroja.com.mx\/index.php?rest_route=\/wp\/v2\/posts\/84699","targetHints":{"allow":["GET"]}}],"collection":[{"href":"https:\/\/zonaroja.com.mx\/index.php?rest_route=\/wp\/v2\/posts"}],"about":[{"href":"https:\/\/zonaroja.com.mx\/index.php?rest_route=\/wp\/v2\/types\/post"}],"author":[{"embeddable":true,"href":"https:\/\/zonaroja.com.mx\/index.php?rest_route=\/wp\/v2\/users\/2"}],"replies":[{"embeddable":true,"href":"https:\/\/zonaroja.com.mx\/index.php?rest_route=%2Fwp%2Fv2%2Fcomments&post=84699"}],"version-history":[{"count":1,"href":"https:\/\/zonaroja.com.mx\/index.php?rest_route=\/wp\/v2\/posts\/84699\/revisions"}],"predecessor-version":[{"id":84700,"href":"https:\/\/zonaroja.com.mx\/index.php?rest_route=\/wp\/v2\/posts\/84699\/revisions\/84700"}],"wp:featuredmedia":[{"embeddable":true,"href":"https:\/\/zonaroja.com.mx\/index.php?rest_route=\/wp\/v2\/media\/84695"}],"wp:attachment":[{"href":"https:\/\/zonaroja.com.mx\/index.php?rest_route=%2Fwp%2Fv2%2Fmedia&parent=84699"}],"wp:term":[{"taxonomy":"category","embeddable":true,"href":"https:\/\/zonaroja.com.mx\/index.php?rest_route=%2Fwp%2Fv2%2Fcategories&post=84699"},{"taxonomy":"post_tag","embeddable":true,"href":"https:\/\/zonaroja.com.mx\/index.php?rest_route=%2Fwp%2Fv2%2Ftags&post=84699"}],"curies":[{"name":"wp","href":"https:\/\/api.w.org\/{rel}","templated":true}]}}