{"id":8470,"date":"2020-02-06T08:36:18","date_gmt":"2020-02-06T14:36:18","guid":{"rendered":"http:\/\/www.zonaroja.com.mx\/?p=8470"},"modified":"2020-02-06T08:36:22","modified_gmt":"2020-02-06T14:36:22","slug":"la-constitucion-de-oaxaca-criminaliza-la-pobreza-asegura-diputado-local","status":"publish","type":"post","link":"https:\/\/zonaroja.com.mx\/?p=8470","title":{"rendered":"La Constituci\u00f3n de Oaxaca criminaliza la pobreza, asegura diputado local"},"content":{"rendered":"\n<p>Redacci\u00f3n\/Zona Roja. <\/p>\n\n\n\n<p>Oaxaca de Ju\u00e1rez, Oax., 6 de febrero de\n2020.- El art\u00edculo 129 de la Constituci\u00f3n de Oaxaca, que refiere que \u201cen el\nEstado, la vagancia se considera como un delito; en consecuencia, todos sus\nhabitantes est\u00e1n obligados a trabajar para subvenir a sus propias necesidades y\na las de sus familias\u201d, criminaliza la pobreza, consider\u00f3 el diputado Horacio\nSosa.<\/p>\n\n\n\n<p>Por ello, el representante popular\npropuso una nueva redacci\u00f3n al art\u00edculo 129, el cual se\u00f1alar\u00eda que toda persona\ntiene derecho al trabajo digno y socialmente \u00fatil; al efecto, se promover\u00edan\npol\u00edticas de creaci\u00f3n de empleos para subvenir a sus propias necesidades y a\nlas de sus familias.<\/p>\n\n\n\n<p>El combate a la pobreza es un eje que\nse debe de impulsar en M\u00e9xico, para lo cual es necesario trazar pol\u00edticas\nlaborales incluyentes, que terminen con la criminalizaci\u00f3n de la misma, sumando\nagendas de pol\u00edtica social, afirm\u00f3 el presidente de la Junta de Coordinaci\u00f3n\nPol\u00edtica. <\/p>\n\n\n\n<p>El diputado local dio a conocer que en\nOaxaca el 66.4 por ciento de la poblaci\u00f3n vive en situaci\u00f3n de pobreza y solo\nel 8.5 por ciento no tiene alguna carencia social.<\/p>\n\n\n\n<p>Por lo que consider\u00f3 necesario proponer\nuna reforma a nuestra Constituci\u00f3n local, la cual debe tener impacto para\nacortar la brecha de g\u00e9nero \u201cporque las pol\u00edticas laborales y salariales son\nelementos clave para equilibrar la injusticia hist\u00f3rica en que se encuentran\nlas mujeres\u201d manifest\u00f3.<\/p>\n\n\n\n<p>En este tenor, el legislador se\u00f1al\u00f3 que\nse requiere generar oportunidades laborales y educativas para la inclusi\u00f3n en\ncondiciones justas, por lo que es indispensable que las pol\u00edticas p\u00fablicas\nemitidas tengan en cuenta la intersecci\u00f3n de condiciones que atraviesan la vida\nde las mujeres y las personas j\u00f3venes, para posibilitar el ejercicio de sus\nderechos.<\/p>\n\n\n\n<p>Para la inclusi\u00f3n de mujeres, j\u00f3venes,\ny personas afromexicanas e ind\u00edgenas, las pol\u00edticas en materia de trabajo\ndeber\u00e1n ser orientadas con perspectiva de g\u00e9nero, de condiciones etarias y sin\ndiscriminaci\u00f3n; bajo esquemas de equidad que permitan, adem\u00e1s del acceso al\ntrabajo decente y bien remunerado, una vida saludable en conjunci\u00f3n con la\npreservaci\u00f3n ambiental y cultural.<\/p>\n\n\n\n<p>Con esta propuesta se propone apartar a\nnuestra Constituci\u00f3n de la carga discriminatoria y de criminalizaci\u00f3n de la\npobreza por condici\u00f3n social, para reconocer el derecho al trabajo digno y\nsocialmente \u00fatil, as\u00ed como establecer como obligaci\u00f3n del Estado el promover\npol\u00edticas de creaci\u00f3n de empleos.<\/p>\n","protected":false},"excerpt":{"rendered":"<p>Redacci\u00f3n\/Zona Roja. Oaxaca de Ju\u00e1rez, Oax., 6 de febrero de 2020.- El art\u00edculo 129 de&hellip;<\/p>\n","protected":false},"author":2,"featured_media":8471,"comment_status":"closed","ping_status":"open","sticky":false,"template":"","format":"standard","meta":{"_lmt_disableupdate":"","_lmt_disable":"","_jetpack_memberships_contains_paid_content":false,"footnotes":""},"categories":[109,46],"tags":[444],"class_list":["post-8470","post","type-post","status-publish","format-standard","has-post-thumbnail","hentry","category-minuto-a-minuto","category-zona-blanca","tag-horacio-sosa-villavicencio"],"jetpack_featured_media_url":"https:\/\/zonaroja.com.mx\/wp-content\/uploads\/2020\/02\/Horacio-Sosa-1.jpeg","jetpack_sharing_enabled":true,"_links":{"self":[{"href":"https:\/\/zonaroja.com.mx\/index.php?rest_route=\/wp\/v2\/posts\/8470","targetHints":{"allow":["GET"]}}],"collection":[{"href":"https:\/\/zonaroja.com.mx\/index.php?rest_route=\/wp\/v2\/posts"}],"about":[{"href":"https:\/\/zonaroja.com.mx\/index.php?rest_route=\/wp\/v2\/types\/post"}],"author":[{"embeddable":true,"href":"https:\/\/zonaroja.com.mx\/index.php?rest_route=\/wp\/v2\/users\/2"}],"replies":[{"embeddable":true,"href":"https:\/\/zonaroja.com.mx\/index.php?rest_route=%2Fwp%2Fv2%2Fcomments&post=8470"}],"version-history":[{"count":1,"href":"https:\/\/zonaroja.com.mx\/index.php?rest_route=\/wp\/v2\/posts\/8470\/revisions"}],"predecessor-version":[{"id":8472,"href":"https:\/\/zonaroja.com.mx\/index.php?rest_route=\/wp\/v2\/posts\/8470\/revisions\/8472"}],"wp:featuredmedia":[{"embeddable":true,"href":"https:\/\/zonaroja.com.mx\/index.php?rest_route=\/wp\/v2\/media\/8471"}],"wp:attachment":[{"href":"https:\/\/zonaroja.com.mx\/index.php?rest_route=%2Fwp%2Fv2%2Fmedia&parent=8470"}],"wp:term":[{"taxonomy":"category","embeddable":true,"href":"https:\/\/zonaroja.com.mx\/index.php?rest_route=%2Fwp%2Fv2%2Fcategories&post=8470"},{"taxonomy":"post_tag","embeddable":true,"href":"https:\/\/zonaroja.com.mx\/index.php?rest_route=%2Fwp%2Fv2%2Ftags&post=8470"}],"curies":[{"name":"wp","href":"https:\/\/api.w.org\/{rel}","templated":true}]}}