{"id":84701,"date":"2025-09-15T20:27:00","date_gmt":"2025-09-16T02:27:00","guid":{"rendered":"https:\/\/zonaroja.com.mx\/?p=84701"},"modified":"2025-09-15T19:28:55","modified_gmt":"2025-09-16T01:28:55","slug":"aumenta-a-15-el-numero-de-personas-fallecidas-por-explosion-de-pipa","status":"publish","type":"post","link":"https:\/\/zonaroja.com.mx\/?p=84701","title":{"rendered":"Aumenta a 15 el n\u00famero de personas fallecidas por explosi\u00f3n de pipa"},"content":{"rendered":"\n<p>Redacci\u00f3n\/Zona Roja Cdmx.<\/p>\n\n\n\n<p>Ciudad de M\u00e9xico, a 15 de septiembre de 2025.- El lunes 15 de septiembre subi\u00f3 a 15 el n\u00famero de fallecidos por el accidente de una pipa en el puente de La Concordia, en Iztapalapa.<\/p>\n\n\n\n<p>El gobierno de la Ciudad de M\u00e9xico, a trav\u00e9s de la Secretar\u00eda de Salud, dio a conocer el \u00faltimo corte en el que se\u00f1ala que van 15 personas que lamentablemente fallecieron, 39 personas permanecen hospitalizadas y 30 han sido dadas de alta.<\/p>\n\n\n\n<p>Durante la madrugada perdi\u00f3 la vida Jes\u00fas Garc\u00eda Tovar, de 40 a\u00f1os de edad.<\/p>\n\n\n\n<p>Poco antes de las 16:30 horas, Nadine Flora Gasman Zylbermann, Secretaria de Salud de la Ciudad de M\u00e9xico, inform\u00f3 que se hab\u00eda reportado una v\u00edctima m\u00e1s este lunes, por lo que ya suman 15 muertos tras la explosi\u00f3n de la pipa.&nbsp;&nbsp;<\/p>\n\n\n\n<p>Se trata de una mujer que se encontraba en la Unidad de Cuidados Intensivos de la Unidad M\u00e9dica de Alta Especialidad Dr. Victorio de la Fuente Narv\u00e1ez, del Instituto Mexicano del Seguro Social (IMSS).<\/p>\n\n\n\n<p>\u00abDesafortunadamente la persona estaba en calidad de desconocida y, hasta el momento, no se ha logrado establecer contacto con alg\u00fan familiar\u00bb, indic\u00f3 la Secretar\u00eda de Salud P\u00fablica de la Ciudad de M\u00e9xico.<\/p>\n\n\n\n<p>El conductor de la pipa que el pasado mi\u00e9rcoles se volc\u00f3 en inmediaciones del Puente de la Concordia, en la la alcald\u00eda Iztapalapa, choc\u00f3 en dos ocasiones tras manejar \u201csin la suficiente capacidad t\u00e9cnica\u201d y a una velocidad que exced\u00eda los 40 kil\u00f3metros por hora, lo que provoc\u00f3 que volcara, seg\u00fan el dictamen pericial de la Fiscal\u00eda General de Justicia.<\/p>\n\n\n\n<p>De acuerdo con el dictamen de la Coordinaci\u00f3n General de Servicios Periciales, integrado a la indagatoria CI-FIIZP\/IZP-10\/UI-3 S\/D\/00122\/09-2025, la colisi\u00f3n ocurri\u00f3 cuando el chofer ingresaba a la glorieta de la autopista M\u00e9xico-Puebla y perdi\u00f3 el control de la unidad y la direcci\u00f3n sobre el mismo carril en el que circulaba.<\/p>\n\n\n\n<p>\u201cEl conductor del tractocami\u00f3n, placas 51AW6X, (&#8230;) lo hizo sin la suficiente capacidad t\u00e9cnica al momento del hecho, ya que no mantuvo el control direccional del mismo as\u00ed como su carril de circulaci\u00f3n correspondiente. A una velocidad mayor a la permitida en dicha arteria, velocidad m\u00e1xima permitida 40 kil\u00f3metros por hora\u201d.<\/p>\n\n\n\n<p>(Con informaci\u00f3n de Carlos Vega, en \u201cMilenio\u201d)<\/p>\n","protected":false},"excerpt":{"rendered":"<p>Redacci\u00f3n\/Zona Roja Cdmx. Ciudad de M\u00e9xico, a 15 de septiembre de 2025.- El lunes 15&hellip;<\/p>\n","protected":false},"author":2,"featured_media":84507,"comment_status":"closed","ping_status":"open","sticky":false,"template":"","format":"standard","meta":{"_lmt_disableupdate":"","_lmt_disable":"","_jetpack_memberships_contains_paid_content":false,"footnotes":""},"categories":[109,47],"tags":[4443],"class_list":["post-84701","post","type-post","status-publish","format-standard","has-post-thumbnail","hentry","category-minuto-a-minuto","category-zona-gris","tag-explosion-pipa-iztapalapa"],"jetpack_featured_media_url":"https:\/\/zonaroja.com.mx\/wp-content\/uploads\/2025\/09\/Explosion-pipa-Iztapalapa.jpg","jetpack_sharing_enabled":true,"_links":{"self":[{"href":"https:\/\/zonaroja.com.mx\/index.php?rest_route=\/wp\/v2\/posts\/84701","targetHints":{"allow":["GET"]}}],"collection":[{"href":"https:\/\/zonaroja.com.mx\/index.php?rest_route=\/wp\/v2\/posts"}],"about":[{"href":"https:\/\/zonaroja.com.mx\/index.php?rest_route=\/wp\/v2\/types\/post"}],"author":[{"embeddable":true,"href":"https:\/\/zonaroja.com.mx\/index.php?rest_route=\/wp\/v2\/users\/2"}],"replies":[{"embeddable":true,"href":"https:\/\/zonaroja.com.mx\/index.php?rest_route=%2Fwp%2Fv2%2Fcomments&post=84701"}],"version-history":[{"count":1,"href":"https:\/\/zonaroja.com.mx\/index.php?rest_route=\/wp\/v2\/posts\/84701\/revisions"}],"predecessor-version":[{"id":84702,"href":"https:\/\/zonaroja.com.mx\/index.php?rest_route=\/wp\/v2\/posts\/84701\/revisions\/84702"}],"wp:featuredmedia":[{"embeddable":true,"href":"https:\/\/zonaroja.com.mx\/index.php?rest_route=\/wp\/v2\/media\/84507"}],"wp:attachment":[{"href":"https:\/\/zonaroja.com.mx\/index.php?rest_route=%2Fwp%2Fv2%2Fmedia&parent=84701"}],"wp:term":[{"taxonomy":"category","embeddable":true,"href":"https:\/\/zonaroja.com.mx\/index.php?rest_route=%2Fwp%2Fv2%2Fcategories&post=84701"},{"taxonomy":"post_tag","embeddable":true,"href":"https:\/\/zonaroja.com.mx\/index.php?rest_route=%2Fwp%2Fv2%2Ftags&post=84701"}],"curies":[{"name":"wp","href":"https:\/\/api.w.org\/{rel}","templated":true}]}}