{"id":84703,"date":"2025-09-15T21:00:00","date_gmt":"2025-09-16T03:00:00","guid":{"rendered":"https:\/\/zonaroja.com.mx\/?p=84703"},"modified":"2025-09-15T19:36:27","modified_gmt":"2025-09-16T01:36:27","slug":"ejecutan-otra-orden-de-aprehension-contra-la-hiena-ahora-por-homicidio","status":"publish","type":"post","link":"https:\/\/zonaroja.com.mx\/?p=84703","title":{"rendered":"Ejecutan otra orden de aprehensi\u00f3n contra \u201cLa Hiena\u201d, ahora por homicidio"},"content":{"rendered":"\n<p>Redacci\u00f3n\/Zona Roja.<\/p>\n\n\n\n<p>Oaxaca, Oax., a 15 de septiembre de 2025.- Las investigaciones ministeriales que realiza la Fiscal\u00eda General del Estado de Oaxaca (FGEO) hicieron posible la ejecuci\u00f3n de una nueva orden de aprehensi\u00f3n en contra de una persona del sexo femenino identificada como H.M.O., alias \u201cLa Hiena\u201d, por el delito de homicidio calificado con ventaja, en perjuicio de E.M.S., en hechos cometidos en la regi\u00f3n del Istmo de Tehuantepec.<\/p>\n\n\n\n<p>De acuerdo con la causa penal, los hechos ocurrieron el 12 de agosto de 2025, cuando la v\u00edctima circulaba a bordo de su motocicleta en inmediaciones de Santa Mar\u00eda Mixtequilla, donde fue alcanzado y atacado a balazos por un grupo de personas que viajaban a bordo de motocicletas.<\/p>\n\n\n\n<p>La investigaci\u00f3n revela que, derivado de la agresi\u00f3n, la v\u00edctima cay\u00f3 de su veh\u00edculo, situaci\u00f3n que aprovecharon los agresores para agredirlo, infligiendo lesiones que lo privaron de la vida.<\/p>\n\n\n\n<p>Ante estos hechos y tras tomar conocimiento del caso, la FGEO -a trav\u00e9s de elementos de la Agencia Estatal de Investigaciones adscritos a la Vicefiscal\u00eda Regional del Istmo- iniciaron una investigaci\u00f3n exhaustiva obteniendo una orden de aprehensi\u00f3n en contra de H.M.O., alias \u201cLa Hiena\u201d, por el delito de homicidio calificado con ventaja.&nbsp;<\/p>\n\n\n\n<p>Cabe mencionar que la imputada, ya estaba bajo proceso penal luego de ser detenida durante un cateo realizado por la Fiscal\u00eda de Oaxaca, en agosto de 2025.<\/p>\n\n\n\n<p>Los trabajos de inteligencia criminal permitieron establecer que H.M.O.&nbsp; alias \u201cLa Hiena\u201d, est\u00e1 probablemente relacionada con grupos criminales de la regi\u00f3n, principalmente con el que operaba desde la agencia municipal de San Luis Rey en Santo Domingo Tehuantepec.<\/p>\n\n\n\n<p>UN DETENIDO EN TUXTEPEC<\/p>\n\n\n\n<p>Por otra parte, la Fiscal\u00eda General obtuvo auto de vinculaci\u00f3n a proceso y prisi\u00f3n preventiva en contra de una persona del sexo masculino identificado como G.E.N.V., detenido a trav\u00e9s de un cateo e imputado por el delito contra la salud en su modalidad de narcomenudeo en su hip\u00f3tesis de suministro de metanfetaminas.<\/p>\n\n\n\n<p>De acuerdo con el expediente penal del caso, G.E.N.V., fue aprehendido a trav\u00e9s de un operativo para dar cumplimiento a un cateo encabezado por elementos de la Agencia Estatal de Investigaciones (AEI) de la Unidad Policial Especializada en Combate al Secuestro (UPECS) y de la Vicefiscal\u00eda Regional de Valles Centrales con apoyo de elementos de la Secretar\u00eda de la Defensa Nacional (Defensa).<\/p>\n\n\n\n<p>Dicha movilizaci\u00f3n fue realizada en un domicilio ubicado en el fraccionamiento Las Palmas del Ingenio perteneciente al municipio de San Juan Bautista Tuxtepec, lugar donde adem\u00e1s de la detenci\u00f3n de G.E.N.V., los agentes ministeriales aseguraron una unidad de motor con placas del estado de Veracruz, un arma de fuego con cartuchos \u00fatiles y cargador met\u00e1lico.<\/p>\n\n\n\n<p>Los elementos policiales hallaron tambi\u00e9n diversas bolsas de drogas conocidas como cristal, una b\u00e1scula gramera y una libreta con datos personales de varias personas, objetos que fueron marcados como indicios para despu\u00e9s asegurarlos e integrarlos a las investigaciones ministeriales, asimismo, poner a disposici\u00f3n a G.E.N.V.<\/p>\n\n\n\n<p>En audiencia y tras el desahogo de pruebas aportadas por la FGEO, el Juez de Control, consider\u00f3 suficientes los indicios entregados, dictando auto de vinculaci\u00f3n a proceso por el delito contra la salud en su modalidad de narcomenudeo en su posesi\u00f3n con fines de suministro de metanfetaminas, adem\u00e1s de imponer la medida de prisi\u00f3n preventiva justificada y otorgar un mes para el cierre de la investigaci\u00f3n complementaria.<\/p>\n\n\n\n<p>DETENIDO POR HOMICIDIO<\/p>\n\n\n\n<p>En otro caso, la Fiscal\u00eda General ejecut\u00f3 una orden de aprehensi\u00f3n en contra de una persona del sexo masculino identificada como F.P.G., por el delito de homicidio calificado con ventaja en grado de tentativa, en perjuicio de A.P.Z., cometido en la regi\u00f3n de la Costa.<\/p>\n\n\n\n<p>De acuerdo con el expediente penal, los hechos ocurrieron el 25 de julio de 2025, en el barrio de San Juanito de la poblaci\u00f3n de San Juan Quiahije perteneciente a Santa Catarina Juquila, lugar donde la v\u00edctima A.P.Z., fue primero amenazado de muerte y posteriormente, agredido con disparos de arma de fuego, sufriendo lesiones que pusieron en peligro su vida.<\/p>\n\n\n\n<p>Por estos hechos y tras tomar conocimiento del caso, la FGEO -a trav\u00e9s de Vicefiscal\u00eda Regional de la Costa- iniciaron una investigaci\u00f3n exhaustiva obteniendo una orden de aprehensi\u00f3n emitida por un Juez, la cual fue ejecutada por elementos de la Agencia Estatal de Investigaciones (AEI) por el delito de homicidio calificado con ventaja en grado de tentativa.<\/p>\n\n\n\n<p>Una vez detenido F.P.G., fue puesto a disposici\u00f3n de la autoridad que lo requiri\u00f3 para determinar su situaci\u00f3n jur\u00eddica legal.<\/p>\n","protected":false},"excerpt":{"rendered":"<p>Redacci\u00f3n\/Zona Roja. Oaxaca, Oax., a 15 de septiembre de 2025.- Las investigaciones ministeriales que realiza&hellip;<\/p>\n","protected":false},"author":2,"featured_media":84705,"comment_status":"closed","ping_status":"open","sticky":false,"template":"","format":"standard","meta":{"_lmt_disableupdate":"","_lmt_disable":"","_jetpack_memberships_contains_paid_content":false,"footnotes":""},"categories":[109,46],"tags":[494],"class_list":["post-84703","post","type-post","status-publish","format-standard","has-post-thumbnail","hentry","category-minuto-a-minuto","category-zona-blanca","tag-fiscalia-general-del-estado-de-oaxaca"],"jetpack_featured_media_url":"https:\/\/zonaroja.com.mx\/wp-content\/uploads\/2025\/09\/Orden-de-aprehension-la-hiena-Istmo.jpeg","jetpack_sharing_enabled":true,"_links":{"self":[{"href":"https:\/\/zonaroja.com.mx\/index.php?rest_route=\/wp\/v2\/posts\/84703","targetHints":{"allow":["GET"]}}],"collection":[{"href":"https:\/\/zonaroja.com.mx\/index.php?rest_route=\/wp\/v2\/posts"}],"about":[{"href":"https:\/\/zonaroja.com.mx\/index.php?rest_route=\/wp\/v2\/types\/post"}],"author":[{"embeddable":true,"href":"https:\/\/zonaroja.com.mx\/index.php?rest_route=\/wp\/v2\/users\/2"}],"replies":[{"embeddable":true,"href":"https:\/\/zonaroja.com.mx\/index.php?rest_route=%2Fwp%2Fv2%2Fcomments&post=84703"}],"version-history":[{"count":1,"href":"https:\/\/zonaroja.com.mx\/index.php?rest_route=\/wp\/v2\/posts\/84703\/revisions"}],"predecessor-version":[{"id":84706,"href":"https:\/\/zonaroja.com.mx\/index.php?rest_route=\/wp\/v2\/posts\/84703\/revisions\/84706"}],"wp:featuredmedia":[{"embeddable":true,"href":"https:\/\/zonaroja.com.mx\/index.php?rest_route=\/wp\/v2\/media\/84705"}],"wp:attachment":[{"href":"https:\/\/zonaroja.com.mx\/index.php?rest_route=%2Fwp%2Fv2%2Fmedia&parent=84703"}],"wp:term":[{"taxonomy":"category","embeddable":true,"href":"https:\/\/zonaroja.com.mx\/index.php?rest_route=%2Fwp%2Fv2%2Fcategories&post=84703"},{"taxonomy":"post_tag","embeddable":true,"href":"https:\/\/zonaroja.com.mx\/index.php?rest_route=%2Fwp%2Fv2%2Ftags&post=84703"}],"curies":[{"name":"wp","href":"https:\/\/api.w.org\/{rel}","templated":true}]}}