{"id":84709,"date":"2025-09-16T08:30:00","date_gmt":"2025-09-16T14:30:00","guid":{"rendered":"https:\/\/zonaroja.com.mx\/?p=84709"},"modified":"2025-09-16T09:50:41","modified_gmt":"2025-09-16T15:50:41","slug":"magisterio-exige-seguridad-en-amoltepec-zaniza-exige-intervencion-de-gobierno","status":"publish","type":"post","link":"https:\/\/zonaroja.com.mx\/?p=84709","title":{"rendered":"Magisterio exige seguridad en Amoltepec; Zaniza demanda intervenci\u00f3n de gobierno"},"content":{"rendered":"\n<p>Ismael Garc\u00eda M.\/Zona Roja.<\/p>\n\n\n\n<p>Oaxaca, Oax., a 16 de septiembre de 2025.- Luego de los hechos violentos que recrudecieron desde el domingo pasado, profesores afiliados a la Secci\u00f3n 22 del SNTE asignados en Santiago Amoltepec demandaron mayor seguridad para desempe\u00f1ar sus labores, a la vez que suspendieron clases.<\/p>\n\n\n\n<p>En tanto, pobladores y autoridades de Santa Mar\u00eda Zaniza exigieron una intervenci\u00f3n urgente por parte de las autoridades federales y estatales y emplazaron a resolver la problem\u00e1tica.<\/p>\n\n\n\n<p>A casi tres d\u00edas de los hechos, hasta el momento no hay una cifra oficial de personas fallecidas por el enfrentamiento armado; de manera extraoficial, de acuerdo con gente de Amoltepec, son dos personas fallecidas y al menos cinco lesionadas.<\/p>\n\n\n\n<p>Una de las personas heridas de bala fue trasladada ayer por la tarde v\u00eda ambulancia a\u00e9rea desde Amoltepec hasta el Hospital General \u201cDr. Aurelio Valdivieso\u201d de la ciudad de Oaxaca, debido a su delicado estado de salud.<\/p>\n\n\n\n<p>MAYOR SEGURIDAD<\/p>\n\n\n\n<p>En un documento emitido ayer, la Secci\u00f3n 22 demand\u00f3 tambi\u00e9n la intervenci\u00f3n urgente de las autoridades de los tres niveles de gobierno.<\/p>\n\n\n\n<p>Asimismo, anunciaron la suspensi\u00f3n de clases hasta nuevo aviso, al considerar que no existen condiciones de seguridad para continuar con sus labores educativas en la regi\u00f3n.<\/p>\n\n\n\n<p>Asimismo, solicitaron garant\u00edas de libre tr\u00e1nsito para el personal docente, manifestaron su solidaridad con la comunidad de R\u00edo Ciruelo, tras el fallecimiento del se\u00f1or Jos\u00e9 Santiago y condenaron todo acto de violencia.<\/p>\n\n\n\n<p>En el comunicado, los profesores responsabilizan al Gobierno del Estado de Oaxaca por la falta de respuesta y acci\u00f3n inmediata, se\u00f1alando que esta omisi\u00f3n ha derivado en la escalada del conflicto.<\/p>\n\n\n\n<p>Exigen mayor presencia de corporaciones policiacas; di\u00e1logo y mediaci\u00f3n para resolver el conflicto agrario de manera pac\u00edfica; atenci\u00f3n a las necesidades b\u00e1sicas de la poblaci\u00f3n, incluyendo servicios de salud, educaci\u00f3n y suministro de alimentos.<\/p>\n\n\n\n<p>EL ULTIM\u00c1TUM<\/p>\n\n\n\n<p>Por otra parte, durante una asamblea comunitaria realizada este lunes en la agencia de R\u00edo Ciruelo, Santiago Amoltepec, pobladores de distintas agencias municipales acordaron emitir un ultim\u00e1tum al Gobierno del Estado para que entregue con vida o muerto al ciudadano Jos\u00e9 Santiago Guti\u00e9rrez, reportado como desaparecido tras los recientes enfrentamientos con Santa Mar\u00eda Zaniza.<\/p>\n\n\n\n<p>De acuerdo con los resolutivos de la asamblea, el gobierno estatal se habr\u00eda comprometido a la localizaci\u00f3n y entrega del comunero como condici\u00f3n para evitar el ingreso de habitantes de Amoltepec a la zona en disputa.<\/p>\n\n\n\n<p>Los asistentes fijaron como plazo hasta las 08:00 horas de este martes 16 de septiembre, advirtiendo que, de no cumplirse con la exigencia, la comunidad tomar\u00e1 las acciones que determine su m\u00e1xima autoridad, la asamblea.<\/p>\n\n\n\n<p>(Con informaci\u00f3n de H\u00e9ctor Acevedo, de \u201cM\u00e1xima\u201d Tlaxiaco)<\/p>\n","protected":false},"excerpt":{"rendered":"<p>Ismael Garc\u00eda M.\/Zona Roja. Oaxaca, Oax., a 16 de septiembre de 2025.- Luego de los&hellip;<\/p>\n","protected":false},"author":2,"featured_media":84694,"comment_status":"closed","ping_status":"open","sticky":false,"template":"","format":"standard","meta":{"_lmt_disableupdate":"","_lmt_disable":"","_jetpack_memberships_contains_paid_content":false,"footnotes":""},"categories":[109,47],"tags":[141,860],"class_list":["post-84709","post","type-post","status-publish","format-standard","has-post-thumbnail","hentry","category-minuto-a-minuto","category-zona-gris","tag-santa-maria-zaniza","tag-santiago-amoltepec"],"jetpack_featured_media_url":"https:\/\/zonaroja.com.mx\/wp-content\/uploads\/2025\/09\/Santiago-AmoltepecJPG.jpg","jetpack_sharing_enabled":true,"_links":{"self":[{"href":"https:\/\/zonaroja.com.mx\/index.php?rest_route=\/wp\/v2\/posts\/84709","targetHints":{"allow":["GET"]}}],"collection":[{"href":"https:\/\/zonaroja.com.mx\/index.php?rest_route=\/wp\/v2\/posts"}],"about":[{"href":"https:\/\/zonaroja.com.mx\/index.php?rest_route=\/wp\/v2\/types\/post"}],"author":[{"embeddable":true,"href":"https:\/\/zonaroja.com.mx\/index.php?rest_route=\/wp\/v2\/users\/2"}],"replies":[{"embeddable":true,"href":"https:\/\/zonaroja.com.mx\/index.php?rest_route=%2Fwp%2Fv2%2Fcomments&post=84709"}],"version-history":[{"count":2,"href":"https:\/\/zonaroja.com.mx\/index.php?rest_route=\/wp\/v2\/posts\/84709\/revisions"}],"predecessor-version":[{"id":84727,"href":"https:\/\/zonaroja.com.mx\/index.php?rest_route=\/wp\/v2\/posts\/84709\/revisions\/84727"}],"wp:featuredmedia":[{"embeddable":true,"href":"https:\/\/zonaroja.com.mx\/index.php?rest_route=\/wp\/v2\/media\/84694"}],"wp:attachment":[{"href":"https:\/\/zonaroja.com.mx\/index.php?rest_route=%2Fwp%2Fv2%2Fmedia&parent=84709"}],"wp:term":[{"taxonomy":"category","embeddable":true,"href":"https:\/\/zonaroja.com.mx\/index.php?rest_route=%2Fwp%2Fv2%2Fcategories&post=84709"},{"taxonomy":"post_tag","embeddable":true,"href":"https:\/\/zonaroja.com.mx\/index.php?rest_route=%2Fwp%2Fv2%2Ftags&post=84709"}],"curies":[{"name":"wp","href":"https:\/\/api.w.org\/{rel}","templated":true}]}}