{"id":84711,"date":"2025-09-16T09:15:00","date_gmt":"2025-09-16T15:15:00","guid":{"rendered":"https:\/\/zonaroja.com.mx\/?p=84711"},"modified":"2025-09-16T07:15:17","modified_gmt":"2025-09-16T13:15:17","slug":"acumula-oaxaca-209-sismos-en-septiembre-el-mas-fuerte-de-magnitud-5-1","status":"publish","type":"post","link":"https:\/\/zonaroja.com.mx\/?p=84711","title":{"rendered":"Acumula Oaxaca 209 sismos en septiembre; el m\u00e1s fuerte, de magnitud 5.1"},"content":{"rendered":"\n<p>Lisbeth Mej\u00eda Reyes\/Zona Roja.<\/p>\n\n\n\n<p>Oaxaca, Oax., a 16 de septiembre de 2025.- Del 1 al 15 de septiembre, el estado de Oaxaca ha registrado 209 sismos, de los cuales es m\u00e1s fuerte alcanz\u00f3 la magnitud de 5.1 grados y se registr\u00f3 el pasado 8 de septiembre a 13 kil\u00f3metros al suroeste de Pinotepa Nacional, en la regi\u00f3n Costa.<\/p>\n\n\n\n<p>El Servicio Sismol\u00f3gico Nacional, de la Universidad Nacional Aut\u00f3noma de M\u00e9xico (UNAM) reporta que hasta ahora otros de los sismos de mayor intensidad en este mes ocurrieron la ma\u00f1ana de este 15 de septiembre y en los primeros minutos del 5 de septiembre. Ambos con magnitud de 4.7 grados.&nbsp;<\/p>\n\n\n\n<p>El del d\u00eda 5 tuvo su epicentro a cinco kil\u00f3metros al sur de San Pedro Pochutla, en la regi\u00f3n Costa, mientras que el de este 15 ocurri\u00f3 a las 6:36 horas a cinco kil\u00f3metros al noroeste de Salina Cruz, en el Istmo de Tehuantepec.<\/p>\n\n\n\n<p>A unos d\u00edas de que se conmemoren los aniversarios de los sismos de septiembre de 1985 y de septiembre de 2017, en la entidad se han registrado m\u00e1s de cinco mil 681 sismos en todo el a\u00f1o (1 de enero al 15 de septiembre). De estos, 5 han sido de magnitud 5 grados o hasta 5.9.<\/p>\n\n\n\n<p>El m\u00e1s intenso del a\u00f1o ocurri\u00f3 el 2 de agosto a 13 kil\u00f3metros al este de Tlacolula de Matamoros, en la regi\u00f3n de los valles centrales.&nbsp;<\/p>\n\n\n\n<p>Con 5.9 grados, aquel sismo dej\u00f3 da\u00f1os materiales en municipios de la regi\u00f3n, as\u00ed como a un adolescente lesionado por el desprendimiento de un marco falso de un inmueble en la calle Macedonio Alcal\u00e1 n\u00famero 100, en el centro de la ciudad de Oaxaca.&nbsp;<\/p>\n\n\n\n<p>Tras d\u00edas de hospitalizaci\u00f3n, el adolescente fue dado de alta del hospital civil Aurelio Valdivieso, aunque hasta el momento se desconoce si el o los propietarios del inmueble asumieron su responsabilidad.&nbsp;<\/p>\n\n\n\n<p>El inmueble permaneci\u00f3 clausurado unas semanas, tiempo en el que las y los comerciantes que vend\u00edan ah\u00ed reportaron el robo de sus mercanc\u00edas. Hace unos d\u00edas esta construcci\u00f3n reabri\u00f3 y varios negocios tambi\u00e9n retomaron operaciones.<\/p>\n\n\n\n<p>A nivel nacional, son 26 mil 284 los sismos reportados entre enero y hasta el 15 de septiembre, de los cuales el m\u00e1s fuerte ha sido de magnitud 6.1, con epicentro a 47 kil\u00f3metros al suroeste de Coalcoman, Michoac\u00e1n.<\/p>\n","protected":false},"excerpt":{"rendered":"<p>Lisbeth Mej\u00eda Reyes\/Zona Roja. Oaxaca, Oax., a 16 de septiembre de 2025.- Del 1 al&hellip;<\/p>\n","protected":false},"author":2,"featured_media":84712,"comment_status":"closed","ping_status":"open","sticky":false,"template":"","format":"standard","meta":{"_lmt_disableupdate":"","_lmt_disable":"","_jetpack_memberships_contains_paid_content":false,"footnotes":""},"categories":[109,47],"tags":[1054],"class_list":["post-84711","post","type-post","status-publish","format-standard","has-post-thumbnail","hentry","category-minuto-a-minuto","category-zona-gris","tag-sismos-oaxaca"],"jetpack_featured_media_url":"https:\/\/zonaroja.com.mx\/wp-content\/uploads\/2025\/09\/Alerta-sismica-Oaxac.jpg","jetpack_sharing_enabled":true,"_links":{"self":[{"href":"https:\/\/zonaroja.com.mx\/index.php?rest_route=\/wp\/v2\/posts\/84711","targetHints":{"allow":["GET"]}}],"collection":[{"href":"https:\/\/zonaroja.com.mx\/index.php?rest_route=\/wp\/v2\/posts"}],"about":[{"href":"https:\/\/zonaroja.com.mx\/index.php?rest_route=\/wp\/v2\/types\/post"}],"author":[{"embeddable":true,"href":"https:\/\/zonaroja.com.mx\/index.php?rest_route=\/wp\/v2\/users\/2"}],"replies":[{"embeddable":true,"href":"https:\/\/zonaroja.com.mx\/index.php?rest_route=%2Fwp%2Fv2%2Fcomments&post=84711"}],"version-history":[{"count":1,"href":"https:\/\/zonaroja.com.mx\/index.php?rest_route=\/wp\/v2\/posts\/84711\/revisions"}],"predecessor-version":[{"id":84713,"href":"https:\/\/zonaroja.com.mx\/index.php?rest_route=\/wp\/v2\/posts\/84711\/revisions\/84713"}],"wp:featuredmedia":[{"embeddable":true,"href":"https:\/\/zonaroja.com.mx\/index.php?rest_route=\/wp\/v2\/media\/84712"}],"wp:attachment":[{"href":"https:\/\/zonaroja.com.mx\/index.php?rest_route=%2Fwp%2Fv2%2Fmedia&parent=84711"}],"wp:term":[{"taxonomy":"category","embeddable":true,"href":"https:\/\/zonaroja.com.mx\/index.php?rest_route=%2Fwp%2Fv2%2Fcategories&post=84711"},{"taxonomy":"post_tag","embeddable":true,"href":"https:\/\/zonaroja.com.mx\/index.php?rest_route=%2Fwp%2Fv2%2Ftags&post=84711"}],"curies":[{"name":"wp","href":"https:\/\/api.w.org\/{rel}","templated":true}]}}