{"id":84714,"date":"2025-09-16T11:15:00","date_gmt":"2025-09-16T17:15:00","guid":{"rendered":"https:\/\/zonaroja.com.mx\/?p=84714"},"modified":"2025-09-16T07:16:41","modified_gmt":"2025-09-16T13:16:41","slug":"afirma-trump-que-eu-ataco-otra-embarcacion-venezolana-con-drogas","status":"publish","type":"post","link":"https:\/\/zonaroja.com.mx\/?p=84714","title":{"rendered":"\u00a0Afirma Trump que EU atac\u00f3 otra embarcaci\u00f3n venezolana con drogas"},"content":{"rendered":"\n<p>Redacci\u00f3n\/Zona Roja Cdmx.<\/p>\n\n\n\n<p>Ciudad de M\u00e9xico, a 16 de septiembre de 2025.- El presidente Donald Trump dijo este lunes que las fuerzas estadunidenses llevaron a cabo un ataque contra una embarcaci\u00f3n de un c\u00e1rtel de la droga venezolano que se dirig\u00eda a Estados Unidos.<\/p>\n\n\n\n<p>Afirm\u00f3, sin ofrecer pruebas, que tres hombres murieron en el ataque, y a\u00f1adi\u00f3 que el episodio se produjo en aguas internacionales.<\/p>\n\n\n\n<p>\u00abEsta ma\u00f1ana, bajo mis \u00f3rdenes, las Fuerzas Armadas de Estados Unidos llevaron a cabo un Segundo ataque contra c\u00e1rteles de narcotraficantes y narcoterroristas extraordinariamente violentos e identificados con certeza en la zona de responsabilidad del Comando Sur\u00bb, afirm\u00f3 Trump en una publicaci\u00f3n en Truth Social.<\/p>\n\n\n\n<p>\u00abEstos c\u00e1rteles de narcotraficantes extremadamente violentos Representan una Amenaza para la seguridad nacional, la pol\u00edtica exterior y los intereses vitales de Estados Unidos\u00bb, agreg\u00f3.<\/p>\n\n\n\n<p>\u201c\u00a1Los Estamos Cazando! Las actividades il\u00edcitas de estos c\u00e1rteles han tenido Consecuencias Devastadora En Las Comunidades Estadunidenses Durante D\u00e9cadas, matando a millones de ciudadanos estadunidenses. Ya No \u00a1\u00a1\u00a1Gracias por su atenci\u00f3n a este asunto!!!\u201d a\u00f1adi\u00f3.<\/p>\n\n\n\n<p>Este ataque se produce despu\u00e9s de otro ataque militar el pasado d\u00eda 2 contra lo que la administraci\u00f3n Trump dice que era una lancha r\u00e1pida que transportaba drogas desde Venezuela y que mat\u00f3 a 11 personas.<\/p>\n\n\n\n<p>(Informaci\u00f3n de agencias internacionales en \u201cLa Jornada\u201d)<\/p>\n","protected":false},"excerpt":{"rendered":"<p>Redacci\u00f3n\/Zona Roja Cdmx. Ciudad de M\u00e9xico, a 16 de septiembre de 2025.- El presidente Donald&hellip;<\/p>\n","protected":false},"author":2,"featured_media":84715,"comment_status":"closed","ping_status":"open","sticky":false,"template":"","format":"standard","meta":{"_lmt_disableupdate":"","_lmt_disable":"","_jetpack_memberships_contains_paid_content":false,"footnotes":""},"categories":[109,47],"tags":[1060],"class_list":["post-84714","post","type-post","status-publish","format-standard","has-post-thumbnail","hentry","category-minuto-a-minuto","category-zona-gris","tag-donald-trump"],"jetpack_featured_media_url":"https:\/\/zonaroja.com.mx\/wp-content\/uploads\/2025\/09\/Ataque-aereo-Estados-Unidoa-a-embrcacion.webp","jetpack_sharing_enabled":true,"_links":{"self":[{"href":"https:\/\/zonaroja.com.mx\/index.php?rest_route=\/wp\/v2\/posts\/84714","targetHints":{"allow":["GET"]}}],"collection":[{"href":"https:\/\/zonaroja.com.mx\/index.php?rest_route=\/wp\/v2\/posts"}],"about":[{"href":"https:\/\/zonaroja.com.mx\/index.php?rest_route=\/wp\/v2\/types\/post"}],"author":[{"embeddable":true,"href":"https:\/\/zonaroja.com.mx\/index.php?rest_route=\/wp\/v2\/users\/2"}],"replies":[{"embeddable":true,"href":"https:\/\/zonaroja.com.mx\/index.php?rest_route=%2Fwp%2Fv2%2Fcomments&post=84714"}],"version-history":[{"count":1,"href":"https:\/\/zonaroja.com.mx\/index.php?rest_route=\/wp\/v2\/posts\/84714\/revisions"}],"predecessor-version":[{"id":84716,"href":"https:\/\/zonaroja.com.mx\/index.php?rest_route=\/wp\/v2\/posts\/84714\/revisions\/84716"}],"wp:featuredmedia":[{"embeddable":true,"href":"https:\/\/zonaroja.com.mx\/index.php?rest_route=\/wp\/v2\/media\/84715"}],"wp:attachment":[{"href":"https:\/\/zonaroja.com.mx\/index.php?rest_route=%2Fwp%2Fv2%2Fmedia&parent=84714"}],"wp:term":[{"taxonomy":"category","embeddable":true,"href":"https:\/\/zonaroja.com.mx\/index.php?rest_route=%2Fwp%2Fv2%2Fcategories&post=84714"},{"taxonomy":"post_tag","embeddable":true,"href":"https:\/\/zonaroja.com.mx\/index.php?rest_route=%2Fwp%2Fv2%2Ftags&post=84714"}],"curies":[{"name":"wp","href":"https:\/\/api.w.org\/{rel}","templated":true}]}}