{"id":84717,"date":"2025-09-16T08:15:00","date_gmt":"2025-09-16T14:15:00","guid":{"rendered":"https:\/\/zonaroja.com.mx\/?p=84717"},"modified":"2025-09-16T08:28:13","modified_gmt":"2025-09-16T14:28:13","slug":"en-fiestas-patrias-matan-a-dos-mujeres-en-tonala-oaxaca","status":"publish","type":"post","link":"https:\/\/zonaroja.com.mx\/?p=84717","title":{"rendered":"En fiestas patrias, matan a dos mujeres en Tonal\u00e1, Oaxaca"},"content":{"rendered":"\n<p>Raymundo Morales\/Zona Roja.<\/p>\n\n\n\n<p>Oaxaca, Oax., a 16 de septiembre de 2025.- En el marco de las fiestas patrias, dos mujeres fueron asesinadas a balazos anoche en la comunidad de Yetla de Ju\u00e1rez, agencia de Santo Domingo Tonal\u00e1, Oaxaca.<\/p>\n\n\n\n<p>De acuerdo con los primeros reportes, tras la ceremonia del Grito de Independencia y la fiesta popular, algunas familias regresaban a sus domicilios, poco despu\u00e9s de las 23:00 horas.<\/p>\n\n\n\n<p>Sin embargo, personas desconocidas efectuaron disparos de arma de fuego, lo que gener\u00f3 dos personas del sexo femenino fallecidas, a\u00fan no identificadas, de aproximadamente 59 a\u00f1os y 28 a\u00f1os de edad; adem\u00e1s, una menor de edad result\u00f3 lesionada.<\/p>\n\n\n\n<p>El baile popular se tuvo que suspender por orden de la autoridad municipal; polic\u00edas municipales efectuaron la b\u00fasqueda de los probables responsables de los disparos, pero hasta ahora no hay personas detenidas.<\/p>\n\n\n\n<p>Los vecinos acusan a la autoridad de ese municipio perteneciente a la regi\u00f3n Mixteca, de permitir la portaci\u00f3n de armas de fuego durante el baile popular, por lo cual piden al gobierno estatal investigar los hechos.<\/p>\n\n\n\n<p>Por otra parte, de manera extraoficial se dio a conocer el asesinato de una persona del sexo masculino, la madrugada de hoy, en el fraccionamiento Esmeralda del municipio de San Pablo, Etla.<\/p>\n\n\n\n<p>Otro cuerpo sin vida junto con una cartulina con amenazas de un grupo delictivo, habr\u00eda sido localizado anoche en los l\u00edmites de San Pablo Huitzo y San Francisco Telixtlahuaca, municipio Dell distrito de Etla, de la regi\u00f3n de Valles Centrales.<\/p>\n","protected":false},"excerpt":{"rendered":"<p>Raymundo Morales\/Zona Roja. Oaxaca, Oax., a 16 de septiembre de 2025.- En el marco de&hellip;<\/p>\n","protected":false},"author":2,"featured_media":84718,"comment_status":"closed","ping_status":"open","sticky":false,"template":"","format":"standard","meta":{"_lmt_disableupdate":"","_lmt_disable":"","_jetpack_memberships_contains_paid_content":false,"footnotes":""},"categories":[109,51],"tags":[4455,4454],"class_list":["post-84717","post","type-post","status-publish","format-standard","has-post-thumbnail","hentry","category-minuto-a-minuto","category-zona-roja","tag-santo-domingo-tonala","tag-yetla-de-juarez"],"jetpack_featured_media_url":"https:\/\/zonaroja.com.mx\/wp-content\/uploads\/2025\/09\/Santo-Domingo-Tonala.jpg","jetpack_sharing_enabled":true,"_links":{"self":[{"href":"https:\/\/zonaroja.com.mx\/index.php?rest_route=\/wp\/v2\/posts\/84717","targetHints":{"allow":["GET"]}}],"collection":[{"href":"https:\/\/zonaroja.com.mx\/index.php?rest_route=\/wp\/v2\/posts"}],"about":[{"href":"https:\/\/zonaroja.com.mx\/index.php?rest_route=\/wp\/v2\/types\/post"}],"author":[{"embeddable":true,"href":"https:\/\/zonaroja.com.mx\/index.php?rest_route=\/wp\/v2\/users\/2"}],"replies":[{"embeddable":true,"href":"https:\/\/zonaroja.com.mx\/index.php?rest_route=%2Fwp%2Fv2%2Fcomments&post=84717"}],"version-history":[{"count":2,"href":"https:\/\/zonaroja.com.mx\/index.php?rest_route=\/wp\/v2\/posts\/84717\/revisions"}],"predecessor-version":[{"id":84721,"href":"https:\/\/zonaroja.com.mx\/index.php?rest_route=\/wp\/v2\/posts\/84717\/revisions\/84721"}],"wp:featuredmedia":[{"embeddable":true,"href":"https:\/\/zonaroja.com.mx\/index.php?rest_route=\/wp\/v2\/media\/84718"}],"wp:attachment":[{"href":"https:\/\/zonaroja.com.mx\/index.php?rest_route=%2Fwp%2Fv2%2Fmedia&parent=84717"}],"wp:term":[{"taxonomy":"category","embeddable":true,"href":"https:\/\/zonaroja.com.mx\/index.php?rest_route=%2Fwp%2Fv2%2Fcategories&post=84717"},{"taxonomy":"post_tag","embeddable":true,"href":"https:\/\/zonaroja.com.mx\/index.php?rest_route=%2Fwp%2Fv2%2Ftags&post=84717"}],"curies":[{"name":"wp","href":"https:\/\/api.w.org\/{rel}","templated":true}]}}