{"id":84725,"date":"2025-09-16T13:30:00","date_gmt":"2025-09-16T19:30:00","guid":{"rendered":"https:\/\/zonaroja.com.mx\/?p=84725"},"modified":"2025-09-16T08:58:19","modified_gmt":"2025-09-16T14:58:19","slug":"aprueban-plazo-de-medio-ano-a-concesionarios-del-transporte-para-regularizarse","status":"publish","type":"post","link":"https:\/\/zonaroja.com.mx\/?p=84725","title":{"rendered":"Aprueban plazo de medio a\u00f1o a concesionarios del transporte para regularizarse"},"content":{"rendered":"\n<p>Redacci\u00f3n\/Zona Roja.<\/p>\n\n\n\n<p>Oaxaca, Oax., a 16 de septiembre de 2025.- La 66 Legislatura aprob\u00f3 adicionar un segundo p\u00e1rrafo al art\u00edculo Octavo Transitorio del Decreto N\u00famero 634 de la Ley de Movilidad para el Estado de Oaxaca para establecer un plazo de 180 d\u00edas -posteriores a la publicaci\u00f3n del presente Decreto-, para que las personas concesionarias que tienen m\u00e1s de una concesi\u00f3n del transporte p\u00fablico, den aviso a la Secretar\u00eda de Movilidad (Semovi), para manifestar por escrito su voluntad de transferir o extinguir las concesiones excedentes o para expresar lo que a sus derechos convenga.<\/p>\n\n\n\n<p>La iniciativa plante\u00f3 la necesidad de precisar el procedimiento para iniciar la extinci\u00f3n de concesiones que no cumplan con el aviso correspondiente y establecer que la autoridad competente deber\u00e1 otorgar un plazo adicional de regularizaci\u00f3n antes de decretar la caducidad.&nbsp;<\/p>\n\n\n\n<p>El dictamen emitido por la Comisi\u00f3n Permanente de Movilidad y Transportes refiere que, a partir de la entrada en vigor de la Ley de Movilidad antes citada el 27 de abril de 2019, se identificaron \u00e1reas de oportunidad que requieren ajustes para hacerla operativa y garantizar seguridad jur\u00eddica tanto a la autoridad reguladora como a los concesionarios y permisionarios del transporte.<\/p>\n\n\n\n<p>Tambi\u00e9n se precisa, que si bien, esta ordenanza represent\u00f3 un avance sustancial al establecer un marco jur\u00eddico moderno que busca ordenar, planificar y regular la prestaci\u00f3n de los servicios de transporte p\u00fablico y privado en la entidad, bajo los principios de seguridad vial, accesibilidad, eficiencia e inclusi\u00f3n social, era necesario garantizar el debido proceso.&nbsp;<\/p>\n","protected":false},"excerpt":{"rendered":"<p>Redacci\u00f3n\/Zona Roja. Oaxaca, Oax., a 16 de septiembre de 2025.- La 66 Legislatura aprob\u00f3 adicionar&hellip;<\/p>\n","protected":false},"author":2,"featured_media":73946,"comment_status":"closed","ping_status":"open","sticky":false,"template":"","format":"standard","meta":{"_lmt_disableupdate":"","_lmt_disable":"","_jetpack_memberships_contains_paid_content":false,"footnotes":""},"categories":[109,47],"tags":[1646],"class_list":["post-84725","post","type-post","status-publish","format-standard","has-post-thumbnail","hentry","category-minuto-a-minuto","category-zona-gris","tag-transporte-urbano-oaxaca"],"jetpack_featured_media_url":"https:\/\/zonaroja.com.mx\/wp-content\/uploads\/2024\/10\/Aumento-a-la-tarifa-transporte-urbano.jpg","jetpack_sharing_enabled":true,"_links":{"self":[{"href":"https:\/\/zonaroja.com.mx\/index.php?rest_route=\/wp\/v2\/posts\/84725","targetHints":{"allow":["GET"]}}],"collection":[{"href":"https:\/\/zonaroja.com.mx\/index.php?rest_route=\/wp\/v2\/posts"}],"about":[{"href":"https:\/\/zonaroja.com.mx\/index.php?rest_route=\/wp\/v2\/types\/post"}],"author":[{"embeddable":true,"href":"https:\/\/zonaroja.com.mx\/index.php?rest_route=\/wp\/v2\/users\/2"}],"replies":[{"embeddable":true,"href":"https:\/\/zonaroja.com.mx\/index.php?rest_route=%2Fwp%2Fv2%2Fcomments&post=84725"}],"version-history":[{"count":1,"href":"https:\/\/zonaroja.com.mx\/index.php?rest_route=\/wp\/v2\/posts\/84725\/revisions"}],"predecessor-version":[{"id":84726,"href":"https:\/\/zonaroja.com.mx\/index.php?rest_route=\/wp\/v2\/posts\/84725\/revisions\/84726"}],"wp:featuredmedia":[{"embeddable":true,"href":"https:\/\/zonaroja.com.mx\/index.php?rest_route=\/wp\/v2\/media\/73946"}],"wp:attachment":[{"href":"https:\/\/zonaroja.com.mx\/index.php?rest_route=%2Fwp%2Fv2%2Fmedia&parent=84725"}],"wp:term":[{"taxonomy":"category","embeddable":true,"href":"https:\/\/zonaroja.com.mx\/index.php?rest_route=%2Fwp%2Fv2%2Fcategories&post=84725"},{"taxonomy":"post_tag","embeddable":true,"href":"https:\/\/zonaroja.com.mx\/index.php?rest_route=%2Fwp%2Fv2%2Ftags&post=84725"}],"curies":[{"name":"wp","href":"https:\/\/api.w.org\/{rel}","templated":true}]}}