{"id":84729,"date":"2025-09-16T15:12:45","date_gmt":"2025-09-16T21:12:45","guid":{"rendered":"https:\/\/zonaroja.com.mx\/?p=84729"},"modified":"2025-09-16T15:12:45","modified_gmt":"2025-09-16T21:12:45","slug":"agencias-de-quiegolani-empanaron-fiestas-patrias-con-bloqueo-carretero","status":"publish","type":"post","link":"https:\/\/zonaroja.com.mx\/?p=84729","title":{"rendered":"Agencias de Quiegolani empa\u00f1aron fiestas patrias con bloqueo carretero&nbsp;"},"content":{"rendered":"\n<p>Lisbeth Mej\u00eda Reyes\/Zona Roja.&nbsp;<\/p>\n\n\n\n<p>Oaxaca, Oax., a 16 de septiembre de 2025.- Por segundo d\u00eda consecutivo, pobladores de tres localidades del municipio de Santa Mar\u00eda Quiegolani bloquearon la carretera federal 190 Oaxaca-Istmo, a la altura del kil\u00f3metro 147, en El Portillo, Nejapa de Madero, para exigir al comisionado la liberaci\u00f3n de recursos p\u00fablicos de los ramos 28 y 33 (de participaciones y aportaciones federales, respectivamente).<\/p>\n\n\n\n<p>Las y los habitantes han se\u00f1alado al comisionado Alejandro F\u00e9lix Cruz Cuevas, quien lleva aproximadamente nueve meses en el cargo, de retenerles los recursos federales.<\/p>\n\n\n\n<p>En este bloqueo participan habitantes de las agencias San Jos\u00e9 Quianitas, Santiago Quiavijolo y San Andr\u00e9s Tlahuitoltepec, quienes \u00fanicamente permit\u00edan el paso por lapsos de una hora.&nbsp;<\/p>\n\n\n\n<p>Esto ha afectado la comunicaci\u00f3n entre la capital oaxaque\u00f1a y la regi\u00f3n Istmo de Tehuantepec, justo en las fiestas patrias y especialmente cuando la supercarretera Mitla-Tehuantepec permanece afectada desde junio por el derrumbe en uno de sus t\u00faneles.<\/p>\n\n\n\n<p>A trav\u00e9s de un video, los habitantes se\u00f1alaron que la manifestaci\u00f3n es para exigir los recursos del fondo IV del ramo 33, \u00abya que son nueve meses que tenemos un comisionado y no quiere entregarnos dicho recurso y sus superiores lo solapan\u00bb.<\/p>\n\n\n\n<p>Los manifestaciones han solicitado la intervenci\u00f3n del gobernador Salom\u00f3n Jara Cruz para que instruya al comisionado y les d\u00e9 lo que por ley less corresponde.<\/p>\n\n\n\n<p>\u00abPedimos una disculpa a los usuarios de esta v\u00eda, pero lamentablemente el gobierno nos orilla a actuar de esta manera\u00bb, expresaron.&nbsp;<\/p>\n\n\n\n<p>Por la tarde se retiraron los manifestantes, con el compromiso de que ser\u00e1n atendidas sus demandas.&nbsp;<\/p>\n\n\n\n<p><\/p>\n","protected":false},"excerpt":{"rendered":"<p>Lisbeth Mej\u00eda Reyes\/Zona Roja.&nbsp; Oaxaca, Oax., a 16 de septiembre de 2025.- Por segundo d\u00eda&hellip;<\/p>\n","protected":false},"author":2,"featured_media":84728,"comment_status":"closed","ping_status":"open","sticky":false,"template":"","format":"standard","meta":{"_lmt_disableupdate":"","_lmt_disable":"","_jetpack_memberships_contains_paid_content":false,"footnotes":""},"categories":[109,47],"tags":[1975,3563],"class_list":["post-84729","post","type-post","status-publish","format-standard","has-post-thumbnail","hentry","category-minuto-a-minuto","category-zona-gris","tag-bloqueos-carreteros-oaxaca","tag-santa-maria-quiegolani"],"jetpack_featured_media_url":"https:\/\/zonaroja.com.mx\/wp-content\/uploads\/2025\/09\/img_2098.jpg","jetpack_sharing_enabled":true,"_links":{"self":[{"href":"https:\/\/zonaroja.com.mx\/index.php?rest_route=\/wp\/v2\/posts\/84729","targetHints":{"allow":["GET"]}}],"collection":[{"href":"https:\/\/zonaroja.com.mx\/index.php?rest_route=\/wp\/v2\/posts"}],"about":[{"href":"https:\/\/zonaroja.com.mx\/index.php?rest_route=\/wp\/v2\/types\/post"}],"author":[{"embeddable":true,"href":"https:\/\/zonaroja.com.mx\/index.php?rest_route=\/wp\/v2\/users\/2"}],"replies":[{"embeddable":true,"href":"https:\/\/zonaroja.com.mx\/index.php?rest_route=%2Fwp%2Fv2%2Fcomments&post=84729"}],"version-history":[{"count":1,"href":"https:\/\/zonaroja.com.mx\/index.php?rest_route=\/wp\/v2\/posts\/84729\/revisions"}],"predecessor-version":[{"id":84730,"href":"https:\/\/zonaroja.com.mx\/index.php?rest_route=\/wp\/v2\/posts\/84729\/revisions\/84730"}],"wp:featuredmedia":[{"embeddable":true,"href":"https:\/\/zonaroja.com.mx\/index.php?rest_route=\/wp\/v2\/media\/84728"}],"wp:attachment":[{"href":"https:\/\/zonaroja.com.mx\/index.php?rest_route=%2Fwp%2Fv2%2Fmedia&parent=84729"}],"wp:term":[{"taxonomy":"category","embeddable":true,"href":"https:\/\/zonaroja.com.mx\/index.php?rest_route=%2Fwp%2Fv2%2Fcategories&post=84729"},{"taxonomy":"post_tag","embeddable":true,"href":"https:\/\/zonaroja.com.mx\/index.php?rest_route=%2Fwp%2Fv2%2Ftags&post=84729"}],"curies":[{"name":"wp","href":"https:\/\/api.w.org\/{rel}","templated":true}]}}