{"id":84732,"date":"2025-09-16T18:40:16","date_gmt":"2025-09-17T00:40:16","guid":{"rendered":"https:\/\/zonaroja.com.mx\/?p=84732"},"modified":"2025-09-16T18:44:18","modified_gmt":"2025-09-17T00:44:18","slug":"conformacion-oficial-un-muerto-un-desaparecido-y-dos-lesionados-en-amoltepec","status":"publish","type":"post","link":"https:\/\/zonaroja.com.mx\/?p=84732","title":{"rendered":"Confirmaci\u00f3n oficial: un muerto, un desaparecido y dos lesionados en Amoltepec&nbsp;"},"content":{"rendered":"\n<p>Lisbeth Mej\u00eda Reyes\/Zona Roja.&nbsp;<\/p>\n\n\n\n<p>Oaxaca, Oax., a 16 de septiembre de 2025.- El conflicto entre los municipios de Santa Mar\u00eda Zaniza y Santiago Amoltepec, que estall\u00f3 el pasado domingo, ha dejado al menos un muerto, dos lesionados y un desaparecido de Amoltepec, de acuerdo con la Secretar\u00eda de Gobierno (Sego) de Oaxaca.&nbsp;<\/p>\n\n\n\n<p>Tras la exigencia de ambas poblaciones para que las autoridades estatales y federales atiendan el conflicto, la dependencia estatal asegur\u00f3 que hay atenci\u00f3n.<\/p>\n\n\n\n<p>Por su parte, y sin referirse a la problem\u00e1tica agraria que estall\u00f3 desde el domingo sino a la pol\u00edtica interna de Amoltepec para renovar a su autoridad, el gobernador Salom\u00f3n Jara consider\u00f3 que en ese municipio hay paz y seguridad.&nbsp;<\/p>\n\n\n\n<p>\u00abHubo ya dos procesos electorales muy pac\u00edficos y espero que el \u00faltimo que hicieron sea igual\u00bb, respondi\u00f3.el mandatario este martes en entrevista colectiva.<\/p>\n\n\n\n<p>La noche del lunes, Jes\u00fas Romero L\u00f3pez, titular de la Sego, expuso que en la atenci\u00f3n al conflicto participan la dependencia a su cargo y la Fiscal\u00eda General del Estado de Oaxaca (FGEO).<\/p>\n\n\n\n<p>Asimismo, en entrevista colectiva dijo que la Comisi\u00f3n Estatal de B\u00fasqueda acudir\u00eda este martes para buscar al adulto mayor que est\u00e1 desaparecido desde el domingo, Jos\u00e9 Santiago Guti\u00e9rrez, de 62 a\u00f1os de edad y originario de R\u00edo Ciruelo, Amoltepec.<\/p>\n\n\n\n<p>La problem\u00e1tica agraria no es reciente, reconoci\u00f3 el funcionario, al se\u00f1alar que se \u00abha dialogado con ambas partes\u00bb y que incluso hab\u00eda un acuerdo para evitar la confrontaci\u00f3n.&nbsp;<\/p>\n\n\n\n<p>Sin embargo, el problema estall\u00f3 este domingo cuando presuntamente habitantes de Amoltepec ingresaron a la zona en conflicto y fueron atacados por los de Zaniza.<\/p>\n\n\n\n<p>El lunes por la ma\u00f1ana la problem\u00e1tica se agudiz\u00f3 cuando los de Amoltepec trataron de rescatar a Jos\u00e9 Santiago, lo que dej\u00f3 varios lesionados, seg\u00fan informaci\u00f3n extraoficial.<\/p>\n\n\n\n<p>De parte del gobierno estatal, se ha confirmado que dos de los lesionados de Amoltepec fueron trasladados ayer lunes a la ciudad de Oaxaca para su atenci\u00f3n, pero uno de ellos falleci\u00f3 minutos despu\u00e9s de ingresar al hospital civil \u201cDr. Aurelio Valdivieso\u201d.&nbsp;<\/p>\n\n\n\n<p>Tambi\u00e9n se menciona un presunto lesionado de Zaniza, pero hasta ayer no se hab\u00eda confirmado, explic\u00f3 Romero L\u00f3pez.<\/p>\n\n\n\n<p>Tanto Santa Mar\u00eda Zaniza como Santiago Amoltepec se han culpado uno al otro por este conflicto lim\u00edtrofe.<\/p>\n\n\n\n<p>El estallamiento del conflicto ha generado la suspensi\u00f3n del transporte en la zona.&nbsp;<\/p>\n\n\n\n<p>Asimismo, la suspensi\u00f3n de clases por parte de la Secci\u00f3n 22 del Sindicato Nacional de Trabajadores de la Educaci\u00f3n (SNTE), que ha llamado a las autoridades a atender el problem\u00e1tica y garantizar la seguridad de la plantilla docente y de la poblaci\u00f3n.<\/p>\n","protected":false},"excerpt":{"rendered":"<p>Lisbeth Mej\u00eda Reyes\/Zona Roja.&nbsp; Oaxaca, Oax., a 16 de septiembre de 2025.- El conflicto entre&hellip;<\/p>\n","protected":false},"author":2,"featured_media":84731,"comment_status":"closed","ping_status":"open","sticky":false,"template":"","format":"standard","meta":{"_lmt_disableupdate":"","_lmt_disable":"","_jetpack_memberships_contains_paid_content":false,"footnotes":""},"categories":[109,47],"tags":[141,860],"class_list":["post-84732","post","type-post","status-publish","format-standard","has-post-thumbnail","hentry","category-minuto-a-minuto","category-zona-gris","tag-santa-maria-zaniza","tag-santiago-amoltepec"],"jetpack_featured_media_url":"https:\/\/zonaroja.com.mx\/wp-content\/uploads\/2025\/09\/84655342-1b82-4e40-ad19-5ffefdbd575f.jpg","jetpack_sharing_enabled":true,"_links":{"self":[{"href":"https:\/\/zonaroja.com.mx\/index.php?rest_route=\/wp\/v2\/posts\/84732","targetHints":{"allow":["GET"]}}],"collection":[{"href":"https:\/\/zonaroja.com.mx\/index.php?rest_route=\/wp\/v2\/posts"}],"about":[{"href":"https:\/\/zonaroja.com.mx\/index.php?rest_route=\/wp\/v2\/types\/post"}],"author":[{"embeddable":true,"href":"https:\/\/zonaroja.com.mx\/index.php?rest_route=\/wp\/v2\/users\/2"}],"replies":[{"embeddable":true,"href":"https:\/\/zonaroja.com.mx\/index.php?rest_route=%2Fwp%2Fv2%2Fcomments&post=84732"}],"version-history":[{"count":3,"href":"https:\/\/zonaroja.com.mx\/index.php?rest_route=\/wp\/v2\/posts\/84732\/revisions"}],"predecessor-version":[{"id":84735,"href":"https:\/\/zonaroja.com.mx\/index.php?rest_route=\/wp\/v2\/posts\/84732\/revisions\/84735"}],"wp:featuredmedia":[{"embeddable":true,"href":"https:\/\/zonaroja.com.mx\/index.php?rest_route=\/wp\/v2\/media\/84731"}],"wp:attachment":[{"href":"https:\/\/zonaroja.com.mx\/index.php?rest_route=%2Fwp%2Fv2%2Fmedia&parent=84732"}],"wp:term":[{"taxonomy":"category","embeddable":true,"href":"https:\/\/zonaroja.com.mx\/index.php?rest_route=%2Fwp%2Fv2%2Fcategories&post=84732"},{"taxonomy":"post_tag","embeddable":true,"href":"https:\/\/zonaroja.com.mx\/index.php?rest_route=%2Fwp%2Fv2%2Ftags&post=84732"}],"curies":[{"name":"wp","href":"https:\/\/api.w.org\/{rel}","templated":true}]}}