{"id":84736,"date":"2025-09-16T19:35:29","date_gmt":"2025-09-17T01:35:29","guid":{"rendered":"https:\/\/zonaroja.com.mx\/?p=84736"},"modified":"2025-09-16T19:35:31","modified_gmt":"2025-09-17T01:35:31","slug":"recien-inicio-cargo-y-ya-ministro-hugo-aguilar-tiene-pleito-con-poder-legislativo","status":"publish","type":"post","link":"https:\/\/zonaroja.com.mx\/?p=84736","title":{"rendered":"Reci\u00e9n inici\u00f3 cargo y ya ministro Hugo Aguilar tiene pleito con Poder Legislativo"},"content":{"rendered":"\n<p>Redacci\u00f3n\/Zona Roja Cdmx.<\/p>\n\n\n\n<p>Ciudad de M\u00e9xico, a 16 de septiembre de 2025.- El ministro presidente de la Suprema Corte de Justicia de la Naci\u00f3n (SSCJN), Hugo Aguilar Ortiz, y la presidenta de la C\u00e1mara de Diputados, Kenia L\u00f3pez Rabad\u00e1n, reci\u00e9n comienzan con sus nuevos encargos y ya est\u00e1n envueltos en pol\u00e9mica entre ellos, aunque ya apagaron el \u2018fuego\u2019 de la controversia.<\/p>\n\n\n\n<p>En la pasada ceremonia del 13 de septiembre por la Defensa del Castillo de Chapultepec por los Ni\u00f1os H\u00e9roes, ambos personajes fueron invitados por la presidenta Claudia Sheinbaum a formar parte del presidium.<\/p>\n\n\n\n<p>Durante la presentaci\u00f3n de cada uno de los funcionarios presentes, todos aplaudieron; sin embargo, el ministro presidente se qued\u00f3 sentado y sin aplaudir cuando la diputada L\u00f3pez Rabad\u00e1n fue presentada.<\/p>\n\n\n\n<p>Esta acci\u00f3n caus\u00f3 pol\u00e9mica y el ministro recibi\u00f3 fuertes cr\u00edticas, por lo que algunas personas han considerado fue una groser\u00eda.<\/p>\n\n\n\n<p>Al respecto, el ministro Hugo Aguilar Ortiz emiti\u00f3 un mensaje en sus redes sociales, esa misma noche del 13 de septiembre, y si bien no se disculp\u00f3, reconoci\u00f3 su respeto por la legisladora panista.<\/p>\n\n\n\n<p>\u201cExpreso mi respeto a la Diputada Kenia L\u00f3pez Rabad\u00e1n, Presidenta de la C\u00e1mara de Diputados, a quien salud\u00e9 en la ceremonia del 178 aniversario de la Gesta Heroica de Chapultepec. Asimismo, reitero mi reconocimiento al Poder Legislativo, en el marco del respeto mutuo, la colaboraci\u00f3n y el di\u00e1logo que deben prevalecer entre los Poderes de la Uni\u00f3n\u00bb, escribi\u00f3 el ministro.<\/p>\n\n\n\n<p>Hugo Aguilar resalt\u00f3 que son fechas con profundo significado hist\u00f3rico, cuando se debe recordar que \u201cla unidad y la fortaleza institucional son el mejor tributo a quienes dieron su vida por M\u00e9xico, y la gu\u00eda para consolidar una justicia real y verdadera para todas y todos\u201d.<\/p>\n\n\n\n<p>LA RESPUESTA<\/p>\n\n\n\n<p>La diputada Kenia L\u00f3pez Rabad\u00e1n subray\u00f3 que el pa\u00eds es una Rep\u00fablica con pluralidad, por lo que es importante que haya actos p\u00fablicos en donde converjan los distintos representantes populares.<\/p>\n\n\n\n<p>Sobre el desaire y posterior mensaje en redes del ministro presidente, la legisladora panista dijo, en entrevista con la periodista Azucena Uresti, que ella se mantendr\u00e1 institucional como representante de los 500 diputados.<\/p>\n\n\n\n<p>\u201cEn estricto sentido yo represento a la C\u00e1mara de Diputados, a los 500 legisladores, yo le deseo \u00e9xito porque M\u00e9xico merece un Poder Judicial fuerte, que d\u00e9 certezas, que d\u00e9 legalidad, y para nosotros los legisladores, los contrapesos y la divisi\u00f3n de poderes es absolutamente indispensable.<\/p>\n\n\n\n<p>\u201cHasta que vi el video me percat\u00e9 que no hab\u00eda aplaudido. M\u00e9xico no necesita aplausos, necesita justicia y M\u00e9xico lo necesita, soy una militante panista aguerrida, hoy me toca dirigir la C\u00e1mara de Diputados y lo estoy haciendo con institucionalidad\u201d, dijo.<\/p>\n\n\n\n<p>(Informaci\u00f3n de \u201cEl Financiero\u201d)<\/p>\n","protected":false},"excerpt":{"rendered":"<p>Redacci\u00f3n\/Zona Roja Cdmx. Ciudad de M\u00e9xico, a 16 de septiembre de 2025.- El ministro presidente&hellip;<\/p>\n","protected":false},"author":2,"featured_media":84737,"comment_status":"closed","ping_status":"open","sticky":false,"template":"","format":"standard","meta":{"_lmt_disableupdate":"","_lmt_disable":"","_jetpack_memberships_contains_paid_content":false,"footnotes":""},"categories":[109,47],"tags":[4324],"class_list":["post-84736","post","type-post","status-publish","format-standard","has-post-thumbnail","hentry","category-minuto-a-minuto","category-zona-gris","tag-hugo-aguilar-ortiz"],"jetpack_featured_media_url":"https:\/\/zonaroja.com.mx\/wp-content\/uploads\/2025\/09\/Hugo-Aguilar-y-Kenia-Lopez-Rabadan.jpg","jetpack_sharing_enabled":true,"_links":{"self":[{"href":"https:\/\/zonaroja.com.mx\/index.php?rest_route=\/wp\/v2\/posts\/84736","targetHints":{"allow":["GET"]}}],"collection":[{"href":"https:\/\/zonaroja.com.mx\/index.php?rest_route=\/wp\/v2\/posts"}],"about":[{"href":"https:\/\/zonaroja.com.mx\/index.php?rest_route=\/wp\/v2\/types\/post"}],"author":[{"embeddable":true,"href":"https:\/\/zonaroja.com.mx\/index.php?rest_route=\/wp\/v2\/users\/2"}],"replies":[{"embeddable":true,"href":"https:\/\/zonaroja.com.mx\/index.php?rest_route=%2Fwp%2Fv2%2Fcomments&post=84736"}],"version-history":[{"count":1,"href":"https:\/\/zonaroja.com.mx\/index.php?rest_route=\/wp\/v2\/posts\/84736\/revisions"}],"predecessor-version":[{"id":84738,"href":"https:\/\/zonaroja.com.mx\/index.php?rest_route=\/wp\/v2\/posts\/84736\/revisions\/84738"}],"wp:featuredmedia":[{"embeddable":true,"href":"https:\/\/zonaroja.com.mx\/index.php?rest_route=\/wp\/v2\/media\/84737"}],"wp:attachment":[{"href":"https:\/\/zonaroja.com.mx\/index.php?rest_route=%2Fwp%2Fv2%2Fmedia&parent=84736"}],"wp:term":[{"taxonomy":"category","embeddable":true,"href":"https:\/\/zonaroja.com.mx\/index.php?rest_route=%2Fwp%2Fv2%2Fcategories&post=84736"},{"taxonomy":"post_tag","embeddable":true,"href":"https:\/\/zonaroja.com.mx\/index.php?rest_route=%2Fwp%2Fv2%2Ftags&post=84736"}],"curies":[{"name":"wp","href":"https:\/\/api.w.org\/{rel}","templated":true}]}}