{"id":84739,"date":"2025-09-16T19:47:42","date_gmt":"2025-09-17T01:47:42","guid":{"rendered":"https:\/\/zonaroja.com.mx\/?p=84739"},"modified":"2025-09-16T19:47:44","modified_gmt":"2025-09-17T01:47:44","slug":"ejecutan-a-dos-personas-en-juchitan-identifican-a-victimas-de-tonala","status":"publish","type":"post","link":"https:\/\/zonaroja.com.mx\/?p=84739","title":{"rendered":"Ejecutan a dos personas en Juchit\u00e1n; identifican a v\u00edctimas de Tonal\u00e1"},"content":{"rendered":"\n<p>Ismael Garc\u00eda M.\/Zona Roja.<\/p>\n\n\n\n<p>Oaxaca, Oax., a 16 de septiembre de 2025.- Dos personas fueron ejecutadas este martes en Juchit\u00e1n de Zaragoza, poco despu\u00e9s del tradicional desfile con motivo de la conmemoraci\u00f3n del inicio de la Independencia de M\u00e9xico.<\/p>\n\n\n\n<p>La agresi\u00f3n armada ocurri\u00f3 en la avenida Hidalgo, en el centro de dicha ciudad de la regi\u00f3n del Istmo, sin que se aparecieran los polic\u00edas municipales para buscar a los agresores.<\/p>\n\n\n\n<p>En el piso quedaron los cuerpos de dos hombres, hasta el momento a\u00fan no identificados, que presuntamente consum\u00edan bebidas embriagantes en la calle.<\/p>\n\n\n\n<p>Personal de la Vicefiscal\u00eda Regional del Istmo, de la Fiscal\u00eda General del Estado de Oaxaca, ha iniciado las indagatorias correspondientes.<\/p>\n\n\n\n<p>En tanto que la madrugada de este martes, a un costado del Circuito Interior, cerca del acceso al fraccionamiento Esmeralda, del municipio de San Pablo, Etla, un individuo fue asesinado con arma blanca.<\/p>\n\n\n\n<p>La v\u00edctima fue identificada posteriormente como Caleb F. C., de aproximadamente 30 a\u00f1os de edad, de oficio mototaxista, y habr\u00eda sido ultimado durante una ri\u00f1a con otras personas. En el sitio quedaron abandonados un mototaxi y una motocicleta.<\/p>\n\n\n\n<p>Por otra parte, como Santa P. R., de 33 a\u00f1os de edad, y Rosa Usbelia R.R., de 59 a\u00f1os, fueron identificadas las mujeres asesinadas anoche en la localidad de Yetla de Ju\u00e1rez, perteneciente al municipio de Santo Domingo Tonal\u00e1.<\/p>\n\n\n\n<p>En tanto que la menor lesionada de bala respondi\u00f3 al nombre de Isaribi Danae R. P., de 11 a\u00f1os de edad, quien contin\u00faa recibiendo atenci\u00f3n m\u00e9dica en un hospital de Huajuapan de Le\u00f3n.<\/p>\n","protected":false},"excerpt":{"rendered":"<p>Ismael Garc\u00eda M.\/Zona Roja. Oaxaca, Oax., a 16 de septiembre de 2025.- Dos personas fueron&hellip;<\/p>\n","protected":false},"author":2,"featured_media":84740,"comment_status":"closed","ping_status":"open","sticky":false,"template":"","format":"standard","meta":{"_lmt_disableupdate":"","_lmt_disable":"","_jetpack_memberships_contains_paid_content":false,"footnotes":""},"categories":[109,51],"tags":[297],"class_list":["post-84739","post","type-post","status-publish","format-standard","has-post-thumbnail","hentry","category-minuto-a-minuto","category-zona-roja","tag-ejecutado-juchitan"],"jetpack_featured_media_url":"https:\/\/zonaroja.com.mx\/wp-content\/uploads\/2025\/09\/Dos-ejecutados-Juchitan-de-Zaragoza.jpeg","jetpack_sharing_enabled":true,"_links":{"self":[{"href":"https:\/\/zonaroja.com.mx\/index.php?rest_route=\/wp\/v2\/posts\/84739","targetHints":{"allow":["GET"]}}],"collection":[{"href":"https:\/\/zonaroja.com.mx\/index.php?rest_route=\/wp\/v2\/posts"}],"about":[{"href":"https:\/\/zonaroja.com.mx\/index.php?rest_route=\/wp\/v2\/types\/post"}],"author":[{"embeddable":true,"href":"https:\/\/zonaroja.com.mx\/index.php?rest_route=\/wp\/v2\/users\/2"}],"replies":[{"embeddable":true,"href":"https:\/\/zonaroja.com.mx\/index.php?rest_route=%2Fwp%2Fv2%2Fcomments&post=84739"}],"version-history":[{"count":1,"href":"https:\/\/zonaroja.com.mx\/index.php?rest_route=\/wp\/v2\/posts\/84739\/revisions"}],"predecessor-version":[{"id":84741,"href":"https:\/\/zonaroja.com.mx\/index.php?rest_route=\/wp\/v2\/posts\/84739\/revisions\/84741"}],"wp:featuredmedia":[{"embeddable":true,"href":"https:\/\/zonaroja.com.mx\/index.php?rest_route=\/wp\/v2\/media\/84740"}],"wp:attachment":[{"href":"https:\/\/zonaroja.com.mx\/index.php?rest_route=%2Fwp%2Fv2%2Fmedia&parent=84739"}],"wp:term":[{"taxonomy":"category","embeddable":true,"href":"https:\/\/zonaroja.com.mx\/index.php?rest_route=%2Fwp%2Fv2%2Fcategories&post=84739"},{"taxonomy":"post_tag","embeddable":true,"href":"https:\/\/zonaroja.com.mx\/index.php?rest_route=%2Fwp%2Fv2%2Ftags&post=84739"}],"curies":[{"name":"wp","href":"https:\/\/api.w.org\/{rel}","templated":true}]}}