{"id":84746,"date":"2025-09-17T08:15:00","date_gmt":"2025-09-17T14:15:00","guid":{"rendered":"https:\/\/zonaroja.com.mx\/?p=84746"},"modified":"2025-09-17T06:13:19","modified_gmt":"2025-09-17T12:13:19","slug":"inician-busqueda-de-desaparecido-en-amoltepec-suspenden-transporte","status":"publish","type":"post","link":"https:\/\/zonaroja.com.mx\/?p=84746","title":{"rendered":"Inician b\u00fasqueda de desaparecido en Amoltepec; suspenden transporte"},"content":{"rendered":"\n<p>Ismael Garc\u00eda M.\/Zona Roja.<\/p>\n\n\n\n<p>Oaxaca, Oax., a 17 de septiembre de 2025.- Mientras Santiago Amoltepec qued\u00f3 aislada v\u00eda terrestre, al suspender actividades el transporte p\u00fablico debido a la violencia, el gobierno de Oaxaca inform\u00f3 del inicio del operativo de b\u00fasqueda para localizar a una persona desaparecida.<\/p>\n\n\n\n<p>Luego del enfrentamiento del domingo y lunes entre Amoltepec y Santa Mar\u00eda Zaniza \u2014con saldo oficial de un muerto, un desaparecido y dos lesionados\u2014, la empresa Autotransportes Santiago Amoltepec S. A. de C. V., dio a conocer:<\/p>\n\n\n\n<p>\u201cDebido a los acontecimientos tan lamentables que se han suscitado entre nuestra poblaci\u00f3n y el vecino pueblo de Santa Mar\u00eda Zaniza nos es preciso informarle a toda la poblaci\u00f3n en general que a partir de esta fecha hemos decidido suspender por unos d\u00edas todas nuestras corridas a la ciudad de Oaxaca.&nbsp;<\/p>\n\n\n\n<p>\u201cPues como es del conocimiento de todos por el lado de Zaniza ya no hay paso. Si bien es cierto tenemos la opci\u00f3n de viajar por el lado del Tlaxiaco por la Mixteca, m\u00e1s sin embargo como todos sabemos es una carretera que ha estado abandonada desde hace aproximadamente 10 a\u00f1os pues la mayor parte de la poblaci\u00f3n ha circulado por la v\u00eda m\u00e1s corta Amoltepec-Zaniza-Teojomulco para llegar por esta v\u00eda a la ciudad de Oaxaca\u201d.<\/p>\n\n\n\n<p>Agregaron que por el lado de R\u00edo Puerta hasta Buenavista Itundujia, no es posible transitar, debido a que la carretera tambi\u00e9n est\u00e1 en malas condiciones, por las lluvias recientes.<\/p>\n\n\n\n<p>\u201cRaz\u00f3n por la cual en coordinaci\u00f3n con nuestro equipo de trabajo y los choferes hemos acordado no exponer a las personas que hacen uso de nuestros servicios y de esta manera evitar posibles accidentes\u201d.<\/p>\n\n\n\n<p>INICIA OPERATIVO<\/p>\n\n\n\n<p>Por su parte, el gobierno de Oaxaca, a trav\u00e9s del Gabinete de Seguridad, dio a conocer que iniciaron ayer operativos a\u00e9reos en la regi\u00f3n Sierra Sur para reforzar la vigilancia y para buscar a la persona desaparecida<\/p>\n\n\n\n<p>En un comunicado, expuso que en estrecha coordinaci\u00f3n con la Comisi\u00f3n Estatal de B\u00fasqueda de Personas Desaparecidas para el Estado de Oaxaca, Coordinaci\u00f3n de Delegados de Paz Social, Guardia Nacional, Fiscal\u00eda General del Estado, Polic\u00eda Estatal y Direcci\u00f3n General del Hangar, se llevan a cabo sobrevuelos en municipios como Santiago Amoltepec y comunidades aleda\u00f1as.<\/p>\n\n\n\n<p>\u201cAdem\u00e1s de las labores de patrullaje y prevenci\u00f3n del delito, las fuerzas de seguridad participan en la b\u00fasqueda de una persona reportada como desaparecida en esta regi\u00f3n\u201d.&nbsp;<\/p>\n\n\n\n<p>Detall\u00f3 que estas acciones tienen como finalidad brindar respaldo a las autoridades municipales, as\u00ed como proteger y salvaguardar la integridad de las familias que habitan en la zona.<\/p>\n\n\n\n<p>\u201cEl Gobierno del Estado trabaja para construir un entorno de paz y tranquilidad para todas y todos los oaxaque\u00f1os, mediante una presencia permanente y coordinada de las instituciones estatales como federales de seguridad\u201d, destac\u00f3.<\/p>\n","protected":false},"excerpt":{"rendered":"<p>Ismael Garc\u00eda M.\/Zona Roja. Oaxaca, Oax., a 17 de septiembre de 2025.- Mientras Santiago Amoltepec&hellip;<\/p>\n","protected":false},"author":2,"featured_media":84743,"comment_status":"closed","ping_status":"open","sticky":false,"template":"","format":"standard","meta":{"_lmt_disableupdate":"","_lmt_disable":"","_jetpack_memberships_contains_paid_content":false,"footnotes":""},"categories":[109,47],"tags":[141,860],"class_list":["post-84746","post","type-post","status-publish","format-standard","has-post-thumbnail","hentry","category-minuto-a-minuto","category-zona-gris","tag-santa-maria-zaniza","tag-santiago-amoltepec"],"jetpack_featured_media_url":"https:\/\/zonaroja.com.mx\/wp-content\/uploads\/2025\/09\/busqueda-seguridad-Amoltepec.jpeg","jetpack_sharing_enabled":true,"_links":{"self":[{"href":"https:\/\/zonaroja.com.mx\/index.php?rest_route=\/wp\/v2\/posts\/84746","targetHints":{"allow":["GET"]}}],"collection":[{"href":"https:\/\/zonaroja.com.mx\/index.php?rest_route=\/wp\/v2\/posts"}],"about":[{"href":"https:\/\/zonaroja.com.mx\/index.php?rest_route=\/wp\/v2\/types\/post"}],"author":[{"embeddable":true,"href":"https:\/\/zonaroja.com.mx\/index.php?rest_route=\/wp\/v2\/users\/2"}],"replies":[{"embeddable":true,"href":"https:\/\/zonaroja.com.mx\/index.php?rest_route=%2Fwp%2Fv2%2Fcomments&post=84746"}],"version-history":[{"count":1,"href":"https:\/\/zonaroja.com.mx\/index.php?rest_route=\/wp\/v2\/posts\/84746\/revisions"}],"predecessor-version":[{"id":84747,"href":"https:\/\/zonaroja.com.mx\/index.php?rest_route=\/wp\/v2\/posts\/84746\/revisions\/84747"}],"wp:featuredmedia":[{"embeddable":true,"href":"https:\/\/zonaroja.com.mx\/index.php?rest_route=\/wp\/v2\/media\/84743"}],"wp:attachment":[{"href":"https:\/\/zonaroja.com.mx\/index.php?rest_route=%2Fwp%2Fv2%2Fmedia&parent=84746"}],"wp:term":[{"taxonomy":"category","embeddable":true,"href":"https:\/\/zonaroja.com.mx\/index.php?rest_route=%2Fwp%2Fv2%2Fcategories&post=84746"},{"taxonomy":"post_tag","embeddable":true,"href":"https:\/\/zonaroja.com.mx\/index.php?rest_route=%2Fwp%2Fv2%2Ftags&post=84746"}],"curies":[{"name":"wp","href":"https:\/\/api.w.org\/{rel}","templated":true}]}}