{"id":84748,"date":"2025-09-17T09:15:00","date_gmt":"2025-09-17T15:15:00","guid":{"rendered":"https:\/\/zonaroja.com.mx\/?p=84748"},"modified":"2025-09-17T06:48:37","modified_gmt":"2025-09-17T12:48:37","slug":"suman-19-los-muertos-por-tragedia-en-la-cdmx-fallece-conductor-de-la-pipa","status":"publish","type":"post","link":"https:\/\/zonaroja.com.mx\/?p=84748","title":{"rendered":"Suman 19 los muertos por tragedia en la Cdmx; fallece conductor de la pipa"},"content":{"rendered":"\n<p>Redacci\u00f3n\/Zona Roja Cdmx.<\/p>\n\n\n\n<p>Ciudad de M\u00e9xico, a 17 de septiembre de 2025.- El n\u00famero de personas fallecidas por la explosi\u00f3n de una pipa de gas en el Puente de la Concordia, en la alcald\u00eda Iztapalapa, aument\u00f3 a 19, luego de que en las \u00faltimas horas se registraron dos muertes adicionales, seg\u00fan inform\u00f3 la Secretar\u00eda de Salud de la Ciudad de M\u00e9xico.<\/p>\n\n\n\n<p>La capital mexicana se vio sacudida el pasado mi\u00e9rcoles 10 de septiembre por el poderoso estallido del veh\u00edculo que transportaba casi 50.000 litros de gas licuado cuando circulaba por la transitada avenida del oriente de la metr\u00f3poli.<\/p>\n\n\n\n<p>Seg\u00fan el m\u00e1s reciente balance, publicado a las 22:20 horas del 16 de septiembre de 2025, 32 personas permanecen hospitalizadas y 33 ya han sido dadas de alta.<\/p>\n\n\n\n<p>En la m\u00e1s reciente lista de fallecidos se incluy\u00f3 el nombre de Fernando Soto Mungu\u00eda, quien ha sido identificado por las autoridades en listas pasadas como el conductor de la pipa.<\/p>\n\n\n\n<p>El hombre, que es consignado con 34 a\u00f1os en la lista de las autoridades pero que en reportes extraoficiales se dijo que ten\u00eda 51, se encontraba en estado cr\u00edtico desde el pasado mi\u00e9rcoles, internado en el Hospital de Traumatolog\u00eda \u201cVictoriano de la Fuente Narvaez\u201d, en Magdalena de las Salinas.<\/p>\n\n\n\n<p>Las autoridades capitalinas informaron en su momento que el hombre no se encontraba en calidad de detenido, pero s\u00ed estaba custodiado.<\/p>\n\n\n\n<p>La lista completa de fallecidos es la siguiente:<\/p>\n\n\n\n<p>Antill\u00f3n Ch\u00e1vez Armando<\/p>\n\n\n\n<p>Barrag\u00e1n Ram\u00edrez Ana Daniela<\/p>\n\n\n\n<p>Bonilla S\u00e1nchez Juan Carlos<\/p>\n\n\n\n<p>Cano Rodr\u00edguez Miguel<\/p>\n\n\n\n<p>Carrillo Reyes Irving Uriel<\/p>\n\n\n\n<p>Contreras Salinas Carlos Iv\u00e1n<\/p>\n\n\n\n<p>Cortez Cisneros \u00d3scar Rub\u00e9n Uriel<\/p>\n\n\n\n<p>Garc\u00eda Morales Eduardo No\u00e9<\/p>\n\n\n\n<p>Hern\u00e1ndez M\u00e9ndez Jos\u00e9 Gabriel<\/p>\n\n\n\n<p>Hern\u00e1ndez Betancourt Juan Antonio<\/p>\n\n\n\n<p>Islas Flores Jorge<\/p>\n\n\n\n<p>Mat\u00edas Teodoro Alicia<\/p>\n\n\n\n<p>S\u00e1nchez Blas Juan Carlos<\/p>\n\n\n\n<p>Gilberto Ar\u00f3n<\/p>\n\n\n\n<p>Tovar Garc\u00eda Jes\u00fas Joel<\/p>\n\n\n\n<p>Santiago \u00c1lvarez Edgar<\/p>\n\n\n\n<p>Garc\u00eda Escorsa Omar Alejandro<\/p>\n\n\n\n<p>Guti\u00e9rrez Espinoza Oswaldo<\/p>\n\n\n\n<p>Soto Mungu\u00eda Fernando<\/p>\n\n\n\n<p>EXCESO DE VELOCIDAD<\/p>\n\n\n\n<p>La Fiscal\u00eda General de Justicia de la Ciudad de M\u00e9xico revel\u00f3 hace unos d\u00edas que el peritaje inicial sobre la explosi\u00f3n de la pipa de gas en Iztapalapa se\u00f1ala como posible causa un exceso de velocidad. Este dictamen fue presentado por la fiscal general, Bertha Alcalde Luj\u00e1n, quien inform\u00f3 que la investigaci\u00f3n se centraba en los delitos de homicidio culposo, lesiones culposas y da\u00f1os.<\/p>\n\n\n\n<p>\u201cEl dictamen en hechos de tr\u00e1nsito indica posible exceso de velocidad por parte del conductor. Ya compareci\u00f3 la empresa responsable, se corrobor\u00f3 que cuenta con p\u00f3lizas de seguro vigentes y se trabaja en la determinaci\u00f3n de la reparaci\u00f3n del da\u00f1o\u201d, detall\u00f3 Alcalde Luj\u00e1n ante los medios.<\/p>\n\n\n\n<p>El impacto de la unidad contra el pavimento y parte del muro gener\u00f3 una fisura de 40 cent\u00edmetros en el tanque, lo que desencaden\u00f3 la fuga y posterior explosi\u00f3n.<\/p>\n\n\n\n<p>Las autoridades descartaron que un bache haya provocado el accidente. \u201cNo se identific\u00f3 ning\u00fan bache. Se realizaron peritajes para confirmar esta hip\u00f3tesis y no se detectaron trabajos de pavimentaci\u00f3n posteriores al evento\u201d, precis\u00f3 la funcionaria.<\/p>\n\n\n\n<p>(Informaci\u00f3n de Infobae M\u00e9xico)<\/p>\n","protected":false},"excerpt":{"rendered":"<p>Redacci\u00f3n\/Zona Roja Cdmx. Ciudad de M\u00e9xico, a 17 de septiembre de 2025.- El n\u00famero de&hellip;<\/p>\n","protected":false},"author":2,"featured_media":84749,"comment_status":"closed","ping_status":"open","sticky":false,"template":"","format":"standard","meta":{"_lmt_disableupdate":"","_lmt_disable":"","_jetpack_memberships_contains_paid_content":false,"footnotes":""},"categories":[109,47],"tags":[4443],"class_list":["post-84748","post","type-post","status-publish","format-standard","has-post-thumbnail","hentry","category-minuto-a-minuto","category-zona-gris","tag-explosion-pipa-iztapalapa"],"jetpack_featured_media_url":"https:\/\/zonaroja.com.mx\/wp-content\/uploads\/2025\/09\/Pipa-Iztapalapa-Cdmx-explosion.webp","jetpack_sharing_enabled":true,"_links":{"self":[{"href":"https:\/\/zonaroja.com.mx\/index.php?rest_route=\/wp\/v2\/posts\/84748","targetHints":{"allow":["GET"]}}],"collection":[{"href":"https:\/\/zonaroja.com.mx\/index.php?rest_route=\/wp\/v2\/posts"}],"about":[{"href":"https:\/\/zonaroja.com.mx\/index.php?rest_route=\/wp\/v2\/types\/post"}],"author":[{"embeddable":true,"href":"https:\/\/zonaroja.com.mx\/index.php?rest_route=\/wp\/v2\/users\/2"}],"replies":[{"embeddable":true,"href":"https:\/\/zonaroja.com.mx\/index.php?rest_route=%2Fwp%2Fv2%2Fcomments&post=84748"}],"version-history":[{"count":1,"href":"https:\/\/zonaroja.com.mx\/index.php?rest_route=\/wp\/v2\/posts\/84748\/revisions"}],"predecessor-version":[{"id":84750,"href":"https:\/\/zonaroja.com.mx\/index.php?rest_route=\/wp\/v2\/posts\/84748\/revisions\/84750"}],"wp:featuredmedia":[{"embeddable":true,"href":"https:\/\/zonaroja.com.mx\/index.php?rest_route=\/wp\/v2\/media\/84749"}],"wp:attachment":[{"href":"https:\/\/zonaroja.com.mx\/index.php?rest_route=%2Fwp%2Fv2%2Fmedia&parent=84748"}],"wp:term":[{"taxonomy":"category","embeddable":true,"href":"https:\/\/zonaroja.com.mx\/index.php?rest_route=%2Fwp%2Fv2%2Fcategories&post=84748"},{"taxonomy":"post_tag","embeddable":true,"href":"https:\/\/zonaroja.com.mx\/index.php?rest_route=%2Fwp%2Fv2%2Ftags&post=84748"}],"curies":[{"name":"wp","href":"https:\/\/api.w.org\/{rel}","templated":true}]}}