{"id":84751,"date":"2025-09-17T10:15:00","date_gmt":"2025-09-17T16:15:00","guid":{"rendered":"https:\/\/zonaroja.com.mx\/?p=84751"},"modified":"2025-09-17T06:58:08","modified_gmt":"2025-09-17T12:58:08","slug":"compartira-natalia-toledo-su-pasion-por-el-arte-y-la-poesia","status":"publish","type":"post","link":"https:\/\/zonaroja.com.mx\/?p=84751","title":{"rendered":"Compartir\u00e1 Natalia Toledo su pasi\u00f3n por el arte y la poes\u00eda"},"content":{"rendered":"\n<p>Lisbeth Mej\u00eda Reyes\/Zona Roja.<\/p>\n\n\n\n<p>Oaxaca, Oax., a 17 de septiembre de 2025.- La poetisa zapoteca Natalia Toledo se presentar\u00e1 este 26 de septiembre en una actividad en la que compartir\u00e1 parte de su poes\u00eda y lo que ha sido su trayectoria art\u00edstica.&nbsp;<\/p>\n\n\n\n<p>La pl\u00e1tica \u00abSue\u00f1os y ra\u00edces con Natalia Toledo\u00bb ser\u00e1 en una de las sucursales de Apple en Ciudad de M\u00e9xico. Ah\u00ed, la autora tendr\u00e1 una conversaci\u00f3n con la creadora de contenido Daniela Hern\u00e1ndez.<\/p>\n\n\n\n<p>\u00abA todos mis queridos amigos, que me han acompa\u00f1ado durante m\u00e1s de 37 a\u00f1os como poeta diidxaz\u00e1, les pido que me hagan favor de acompa\u00f1arme a platicar con la hermosa Daniela &nbsp;Hern\u00e1ndez\u00bb, comparti\u00f3 Natalia Toledo en su p\u00e1gina de Facebook sobre esta actividad que ser\u00e1 el 26 de septiembre en Apple Antara.&nbsp;<\/p>\n\n\n\n<p>\u00abEn esta colaboraci\u00f3n con Apple Books y Voces de M\u00e9xico les contar\u00e9 c\u00f3mo mis ra\u00edces han dado vida a mi pasi\u00f3n por el arte y la literatura. Ademas, compartir\u00e9 mis obras, poemas y sue\u00f1os\u00bb, explic\u00f3.&nbsp;<\/p>\n\n\n\n<p>Para ser parte de esta conversaci\u00f3n, la poeta se\u00f1al\u00f3 que hay un registro previo a trav\u00e9s del enlace: apple.co\/nataliatoledo.<\/p>\n\n\n\n<p>Por su parte, la plataforma Apple Books, public\u00f3 que junto con la iniciativa Voces de M\u00e9xico se organiz\u00f3 esta pl\u00e1tica con Natalia Toledo como parte de las celebraciones por el A\u00f1o de la Mujer Ind\u00edgena.<\/p>\n\n\n\n<p>\u00abJunto a la creadora de contenido Daniela Hern\u00e1ndez, la autora profundizar\u00e1 en c\u00f3mo sus ra\u00edces zapotecas han nutrido su pasi\u00f3n por el arte y la poes\u00eda. Adem\u00e1s, compartir\u00e1 su trayectoria para inspirarte a abrazar tus ra\u00edces y explorar nuevos proyectos\u00bb, apunt\u00f3.<\/p>\n\n\n\n<p>Natalia Toledo es una poeta, escritora y traductora mexicana, que ha destacado principalmente de la literatura zapoteca. La originaria de Juchit\u00e1n de Zaragoza tambi\u00e9n es dise\u00f1adora de ropa y de joyer\u00eda.&nbsp;<\/p>\n\n\n\n<p>Su obra literaria ha sido reconocida con el Premio Nacional de Literatura Nezahualc\u00f3yotl 2004. Tambi\u00e9n se ha desempe\u00f1ado en la funci\u00f3n p\u00fablica como subsecretaria de Desarrollo Cultural, durante el periodo 2018-2024.<\/p>\n","protected":false},"excerpt":{"rendered":"<p>Lisbeth Mej\u00eda Reyes\/Zona Roja. Oaxaca, Oax., a 17 de septiembre de 2025.- La poetisa zapoteca&hellip;<\/p>\n","protected":false},"author":2,"featured_media":84752,"comment_status":"closed","ping_status":"open","sticky":false,"template":"","format":"standard","meta":{"_lmt_disableupdate":"","_lmt_disable":"","_jetpack_memberships_contains_paid_content":false,"footnotes":""},"categories":[109,46],"tags":[701],"class_list":["post-84751","post","type-post","status-publish","format-standard","has-post-thumbnail","hentry","category-minuto-a-minuto","category-zona-blanca","tag-natalia-toledo"],"jetpack_featured_media_url":"https:\/\/zonaroja.com.mx\/wp-content\/uploads\/2025\/09\/Natalia-Toledo.jpeg","jetpack_sharing_enabled":true,"_links":{"self":[{"href":"https:\/\/zonaroja.com.mx\/index.php?rest_route=\/wp\/v2\/posts\/84751","targetHints":{"allow":["GET"]}}],"collection":[{"href":"https:\/\/zonaroja.com.mx\/index.php?rest_route=\/wp\/v2\/posts"}],"about":[{"href":"https:\/\/zonaroja.com.mx\/index.php?rest_route=\/wp\/v2\/types\/post"}],"author":[{"embeddable":true,"href":"https:\/\/zonaroja.com.mx\/index.php?rest_route=\/wp\/v2\/users\/2"}],"replies":[{"embeddable":true,"href":"https:\/\/zonaroja.com.mx\/index.php?rest_route=%2Fwp%2Fv2%2Fcomments&post=84751"}],"version-history":[{"count":1,"href":"https:\/\/zonaroja.com.mx\/index.php?rest_route=\/wp\/v2\/posts\/84751\/revisions"}],"predecessor-version":[{"id":84753,"href":"https:\/\/zonaroja.com.mx\/index.php?rest_route=\/wp\/v2\/posts\/84751\/revisions\/84753"}],"wp:featuredmedia":[{"embeddable":true,"href":"https:\/\/zonaroja.com.mx\/index.php?rest_route=\/wp\/v2\/media\/84752"}],"wp:attachment":[{"href":"https:\/\/zonaroja.com.mx\/index.php?rest_route=%2Fwp%2Fv2%2Fmedia&parent=84751"}],"wp:term":[{"taxonomy":"category","embeddable":true,"href":"https:\/\/zonaroja.com.mx\/index.php?rest_route=%2Fwp%2Fv2%2Fcategories&post=84751"},{"taxonomy":"post_tag","embeddable":true,"href":"https:\/\/zonaroja.com.mx\/index.php?rest_route=%2Fwp%2Fv2%2Ftags&post=84751"}],"curies":[{"name":"wp","href":"https:\/\/api.w.org\/{rel}","templated":true}]}}