{"id":84757,"date":"2025-09-17T12:21:00","date_gmt":"2025-09-17T18:21:00","guid":{"rendered":"https:\/\/zonaroja.com.mx\/?p=84757"},"modified":"2025-09-17T07:22:33","modified_gmt":"2025-09-17T13:22:33","slug":"opinion-puntos-y-comas-de-la-consulta-revocatoria","status":"publish","type":"post","link":"https:\/\/zonaroja.com.mx\/?p=84757","title":{"rendered":"Opini\u00f3n. Puntos y comas de la consulta revocatoria"},"content":{"rendered":"\n<p>Isidoro Yescas*<\/p>\n\n\n\n<p>Con las reformas&nbsp;constitucionales a&nbsp;la Ley de Revocaci\u00f3n de Mandato ya redactadas y aprobadas por&nbsp;la LXVI legislatura&nbsp;al &nbsp;gusto y conveniencia pol\u00edtica de la&nbsp;kakistocraciaprimaveral, ahora empiezan a correr los tiempos legales y pol\u00edticos para su aplicaci\u00f3n.<\/p>\n\n\n\n<p>Pasemos a repasarla&nbsp;en forma cronol\u00f3gica.<\/p>\n\n\n\n<p>Del&nbsp;primero al 10 de octubre del 2025 el Consejo General&nbsp;del IEEPCO&nbsp;deber\u00e1 aprobar los formatos impresos y en medios electr\u00f3nicos para la recopilaci\u00f3n de firmas,&nbsp;as\u00ed como los lineamientos correspondientes.<\/p>\n\n\n\n<p>No debe perderse de vista que para que proceda la solicitud de revocaci\u00f3n deber\u00e1 cubrirse el 10 por ciento de&nbsp;la&nbsp;lista nominal&nbsp;de electores del estado de&nbsp;Oaxaca&nbsp;(poco m\u00e1s o menos 310 mil firmas) en la mitad m\u00e1s uno de los 570 municipios&nbsp;(281).<\/p>\n\n\n\n<p>Con&nbsp;los formatos y lineamientos ya aprobados por el IEEPCO,&nbsp;las partes interesados en promover la revocaci\u00f3n de mandato dispondr\u00e1n&nbsp;solamente de un mes&nbsp;(diciembre) para&nbsp;recabar las firmas y presentarlos ante el \u00f3rgano electoral en el mes de enero del 2026.<\/p>\n\n\n\n<p>Durante el mes de enero del 2026, el \u00f3rgano electoral revisar\u00e1 y, en su caso, emitir\u00e1 la convocatoria para la realizaci\u00f3n de la consulta&nbsp;revocatoria.&nbsp;<\/p>\n\n\n\n<p>Sin embargo, si no se cumplen con los requisitos de validaci\u00f3n de firmas&nbsp;equivalente al&nbsp;10 por ciento del listado nominal de electores&nbsp;en&nbsp;un&nbsp;universo&nbsp;m\u00ednimo de la mitad m\u00e1s uno de los 570 municipios,&nbsp;el IEEPCO desechar\u00e1 la solicitud&nbsp;y la archivar\u00e1 \u201ccomo asunto total y definitivamente concluido\u201d (art. 40).<\/p>\n\n\n\n<p>Si se toma en cuenta que solamente se dispondr\u00e1n de cuatro semanas para que todas las organizaciones, comit\u00e9s y grupos ciudadanos recorran la mitad del territorio oaxaque\u00f1o para obtener las firmas, pudiera ocurrir que el proceso revocatorio quede&nbsp;trunco&nbsp;.&nbsp;<\/p>\n\n\n\n<p>Sin embargo,&nbsp;ya hay claras se\u00f1ales&nbsp;que &nbsp;por&nbsp;indicaciones del jefe del Poder Ejecutivo&nbsp;toda la estructura pol\u00edtico-administrativa gubernamental operar\u00e1 lo&nbsp;mismo para asegurar que se cubran con las firmas necesarias para que proceda la consulta como para que a la hora de la verdad se asegure la continuidad de la Primavera Oaxaque\u00f1a.<\/p>\n\n\n\n<p>Lo anterior por una factor de primer orden: lo que el gobierno buscar\u00e1&nbsp;con la consulta&nbsp;ser\u00e1 recuperar la legitimidad y confianza ciudadana perdida en menos de un trienio&nbsp;(por&nbsp;lo dem\u00e1s ,una baja legitimidad evidenciada con los resultados de la elecci\u00f3n de&nbsp;gobernador del 2022&nbsp;en donde SJC apenas si se acerc\u00f3 a los&nbsp;700 mil votos).<\/p>\n\n\n\n<p>Asumiendo,&nbsp;entonces,&nbsp;que&nbsp;la consulta se lleve a cabo en cualquiera de los cuatro domingos del mes de febrero del 2026, otra tarea del IEEPCO ser\u00e1&nbsp;asentar en la boleta&nbsp;la siguiente pregunta,&nbsp;acompa\u00f1ada de dos opciones de respuesta:<\/p>\n\n\n\n<p>\u00bfEst\u00e1s de&nbsp;acuerdo &nbsp;que&nbsp;al &nbsp;ciudadano Salom\u00f3n Jara Cruz, gobernador del estado, se le revoque el mandato por p\u00e9rdida de confianza o que siga en la gubernatura hasta que termine su per\u00edodo?<\/p>\n\n\n\n<p>1.&nbsp;Que se revoque el mandato por p\u00e9rdida de la confianza.<\/p>\n\n\n\n<p>2.&nbsp;Que siga en la gubernatura.<\/p>\n\n\n\n<p>Hasta aqu\u00ed las partes sustantivas de &nbsp;las reformas a la legislaci\u00f3n del 2023&nbsp;relacionadas con la solicitud y realizaci\u00f3n de la consulta, ahora ya&nbsp;reformuladas con el objetivo de&nbsp;acortar tiempos y pavimentar el camino de la continuidad primaveral.<\/p>\n\n\n\n<p>Pensando en clave democr\u00e1tica, lo peor que pudiera ocurrir en&nbsp;este&nbsp;ejercicio&nbsp;revocatorio&nbsp;es que, como ya se advierte,&nbsp;un derecho ciudadano se convierta en &nbsp;instrumento de manipulaci\u00f3n y legitimaci\u00f3n de un mal gobierno. Y si la ciudadan\u00eda y sus expresiones organizativas no despiertan y se ponen las pilas, m\u00e1s vale irse blindando para otros tres a\u00f1os de corrupci\u00f3n, nepotismo e inseguridad.<\/p>\n\n\n\n<p>*Maestro en Sociolog\u00eda y periodista.<\/p>\n\n\n\n<p>@YescasIsidoro<\/p>\n","protected":false},"excerpt":{"rendered":"<p>Isidoro Yescas* Con las reformas&nbsp;constitucionales a&nbsp;la Ley de Revocaci\u00f3n de Mandato ya redactadas y aprobadas&hellip;<\/p>\n","protected":false},"author":2,"featured_media":71623,"comment_status":"closed","ping_status":"open","sticky":false,"template":"","format":"standard","meta":{"_lmt_disableupdate":"","_lmt_disable":"","_jetpack_memberships_contains_paid_content":false,"footnotes":""},"categories":[456,109],"tags":[3998],"class_list":["post-84757","post","type-post","status-publish","format-standard","has-post-thumbnail","hentry","category-columna","category-minuto-a-minuto","tag-isidoro-yescas-martinez"],"jetpack_featured_media_url":"https:\/\/zonaroja.com.mx\/wp-content\/uploads\/2024\/08\/Opinion.-Isidoro-Yescas.jpg","jetpack_sharing_enabled":true,"_links":{"self":[{"href":"https:\/\/zonaroja.com.mx\/index.php?rest_route=\/wp\/v2\/posts\/84757","targetHints":{"allow":["GET"]}}],"collection":[{"href":"https:\/\/zonaroja.com.mx\/index.php?rest_route=\/wp\/v2\/posts"}],"about":[{"href":"https:\/\/zonaroja.com.mx\/index.php?rest_route=\/wp\/v2\/types\/post"}],"author":[{"embeddable":true,"href":"https:\/\/zonaroja.com.mx\/index.php?rest_route=\/wp\/v2\/users\/2"}],"replies":[{"embeddable":true,"href":"https:\/\/zonaroja.com.mx\/index.php?rest_route=%2Fwp%2Fv2%2Fcomments&post=84757"}],"version-history":[{"count":1,"href":"https:\/\/zonaroja.com.mx\/index.php?rest_route=\/wp\/v2\/posts\/84757\/revisions"}],"predecessor-version":[{"id":84758,"href":"https:\/\/zonaroja.com.mx\/index.php?rest_route=\/wp\/v2\/posts\/84757\/revisions\/84758"}],"wp:featuredmedia":[{"embeddable":true,"href":"https:\/\/zonaroja.com.mx\/index.php?rest_route=\/wp\/v2\/media\/71623"}],"wp:attachment":[{"href":"https:\/\/zonaroja.com.mx\/index.php?rest_route=%2Fwp%2Fv2%2Fmedia&parent=84757"}],"wp:term":[{"taxonomy":"category","embeddable":true,"href":"https:\/\/zonaroja.com.mx\/index.php?rest_route=%2Fwp%2Fv2%2Fcategories&post=84757"},{"taxonomy":"post_tag","embeddable":true,"href":"https:\/\/zonaroja.com.mx\/index.php?rest_route=%2Fwp%2Fv2%2Ftags&post=84757"}],"curies":[{"name":"wp","href":"https:\/\/api.w.org\/{rel}","templated":true}]}}