{"id":84759,"date":"2025-09-17T09:15:00","date_gmt":"2025-09-17T15:15:00","guid":{"rendered":"https:\/\/zonaroja.com.mx\/?p=84759"},"modified":"2025-09-17T07:52:54","modified_gmt":"2025-09-17T13:52:54","slug":"en-asalto-matan-a-una-mujer-en-el-municipio-de-salina-cruz","status":"publish","type":"post","link":"https:\/\/zonaroja.com.mx\/?p=84759","title":{"rendered":"En asalto, matan a una mujer en el municipio de Salina Cruz"},"content":{"rendered":"\n<p>Raymundo Morales\/Zona Roja. Foto: Edwin Meneses.<\/p>\n\n\n\n<p>Oaxaca, Oax., a 17 de septiembre de 2025.- Una mujer perdi\u00f3 la vida en el municipio de Salina Cruz, presuntamente tras un asalto a su domicilio y negocio, ubicado en la colonia Petrolera.<\/p>\n\n\n\n<p>De acuerdo con los informes preliminares, el delito ocurri\u00f3 poco despu\u00e9s de las cinco de la ma\u00f1ana en que sujetos armados ingresaron a la casa, donde hay tambi\u00e9n un local de alimentos denominado \u201cSabi\u201d.<\/p>\n\n\n\n<p>Tras ello habr\u00edan asesinado a la propietaria del comercio, a\u00fan no identificada hasta el momento. Personal policiaco ha acordonado la zona mientras la Vicefiscal\u00eda Regional del Istmo inici\u00f3 las primeras indagatorias.<\/p>\n\n\n\n<p>Por otra parte, en el municipio de Juchit\u00e1n de Zaragoza se suscitaron al menos dos ataques armados a domicilios, uno de ellos ubicado en la colonia 15 de Septiembre y otro en la calle Argentina de la Octava Secci\u00f3n.<\/p>\n\n\n\n<p>Hasta el momento no hay reporte de v\u00edctimas de estos ocurridos anoche.<\/p>\n\n\n\n<p>Mientras tanto, los dos j\u00f3venes ejecutados ayer en la avenida Hidalgo del centro de Juchit\u00e1n, fueron identificados como Alan Eduardo P. L., de 25 a\u00f1os de edad, y \u00d3scar C.; a\u00fan se desconoce el m\u00f3vil del doble homicidio perpetrado con arma de fuego.<\/p>\n\n\n\n<p>En tanto, que en Santiago Pinotepa Nacional, ayer por la tarde se registro una agresi\u00f3n a balazos en un bar denominado \u201cEl Fragal\u201d, con saldo de una persona fallecida y una m\u00e1s lesionada.<\/p>\n\n\n\n<p>De manera preliminar se inform\u00f3 que el asesinado ser\u00eda el due\u00f1o del establecimiento de venta de bebidas alcoh\u00f3licas y el hecho es investigado por la Vicefiscal\u00eda Regional de la Costa.<\/p>\n","protected":false},"excerpt":{"rendered":"<p>Raymundo Morales\/Zona Roja. Foto: Edwin Meneses. Oaxaca, Oax., a 17 de septiembre de 2025.- Una&hellip;<\/p>\n","protected":false},"author":2,"featured_media":84760,"comment_status":"closed","ping_status":"open","sticky":false,"template":"","format":"standard","meta":{"_lmt_disableupdate":"","_lmt_disable":"","_jetpack_memberships_contains_paid_content":false,"footnotes":""},"categories":[109,51],"tags":[4053],"class_list":["post-84759","post","type-post","status-publish","format-standard","has-post-thumbnail","hentry","category-minuto-a-minuto","category-zona-roja","tag-asesinato-salina-cruz"],"jetpack_featured_media_url":"https:\/\/zonaroja.com.mx\/wp-content\/uploads\/2025\/09\/Asalto-colonia-Petrolera-mujer-muerta-Salina-Cruz.jpg","jetpack_sharing_enabled":true,"_links":{"self":[{"href":"https:\/\/zonaroja.com.mx\/index.php?rest_route=\/wp\/v2\/posts\/84759","targetHints":{"allow":["GET"]}}],"collection":[{"href":"https:\/\/zonaroja.com.mx\/index.php?rest_route=\/wp\/v2\/posts"}],"about":[{"href":"https:\/\/zonaroja.com.mx\/index.php?rest_route=\/wp\/v2\/types\/post"}],"author":[{"embeddable":true,"href":"https:\/\/zonaroja.com.mx\/index.php?rest_route=\/wp\/v2\/users\/2"}],"replies":[{"embeddable":true,"href":"https:\/\/zonaroja.com.mx\/index.php?rest_route=%2Fwp%2Fv2%2Fcomments&post=84759"}],"version-history":[{"count":1,"href":"https:\/\/zonaroja.com.mx\/index.php?rest_route=\/wp\/v2\/posts\/84759\/revisions"}],"predecessor-version":[{"id":84761,"href":"https:\/\/zonaroja.com.mx\/index.php?rest_route=\/wp\/v2\/posts\/84759\/revisions\/84761"}],"wp:featuredmedia":[{"embeddable":true,"href":"https:\/\/zonaroja.com.mx\/index.php?rest_route=\/wp\/v2\/media\/84760"}],"wp:attachment":[{"href":"https:\/\/zonaroja.com.mx\/index.php?rest_route=%2Fwp%2Fv2%2Fmedia&parent=84759"}],"wp:term":[{"taxonomy":"category","embeddable":true,"href":"https:\/\/zonaroja.com.mx\/index.php?rest_route=%2Fwp%2Fv2%2Fcategories&post=84759"},{"taxonomy":"post_tag","embeddable":true,"href":"https:\/\/zonaroja.com.mx\/index.php?rest_route=%2Fwp%2Fv2%2Ftags&post=84759"}],"curies":[{"name":"wp","href":"https:\/\/api.w.org\/{rel}","templated":true}]}}