{"id":84762,"date":"2025-09-17T13:15:00","date_gmt":"2025-09-17T19:15:00","guid":{"rendered":"https:\/\/zonaroja.com.mx\/?p=84762"},"modified":"2025-09-17T08:02:38","modified_gmt":"2025-09-17T14:02:38","slug":"aumenta-en-2-8-billones-de-pesos-la-deuda-con-claudia-sheinbaum-ceesp","status":"publish","type":"post","link":"https:\/\/zonaroja.com.mx\/?p=84762","title":{"rendered":"Aumenta en 2.8 billones de pesos la deuda con Claudia Sheinbaum: CEESP"},"content":{"rendered":"\n<p>Redacci\u00f3n\/Zona Roja Cdmx.<\/p>\n\n\n\n<p>Ciudad de M\u00e9xico, a 17 de septiembre de 2025.- El Centro de Estudios Econ\u00f3micos del Sector Privado (CEESP) alert\u00f3 que la deuda durante el gobierno de Claudia Sheinbaum ha aumentado 2.8 billones de pesos.<\/p>\n\n\n\n<p>\u201cLa deuda total crece en 2.8 billones de pesos, los que se compara con la ya elevada cifra que se report\u00f3 en el mismo lapso del sexenio pasado de 1.5 billones\u201d, asegur\u00f3 el \u00f3rgano asesor del Consejo Coordinador Empresarial (CCE).<\/p>\n\n\n\n<p>Seg\u00fan el organismo, la Secretar\u00eda de Hacienda y Cr\u00e9dito P\u00fablico (SHCP) pone a consideraci\u00f3n en la Ley de Ingresos 2026 un endeudamiento de 1.5 billones de pesos para el a\u00f1o, una cifra que equivale a 4.1 por ciento puntos del producto interno bruto .&nbsp;<\/p>\n\n\n\n<p>De esta manera, la deuda p\u00fablica en su expresi\u00f3n m\u00e1s completa (Saldo hist\u00f3rico de los Requerimientos Financieros del Sector P\u00fablico) se ubica en 52.3 por ciento del producto interno bruto, un porcentaje similar al estimado para el presente a\u00f1o y un punto porcentual por arriba del observado en 2024, \u00faltimo a\u00f1o del sexenio de Andr\u00e9s Manuel L\u00f3pez Obrador, expresa el instituto l\u00edder de investigaci\u00f3n econ\u00f3mica privada.<\/p>\n\n\n\n<p>Eso significa que la deuda p\u00fablica de M\u00e9xico supera por primera vez el techo de los 20 billones de pesos.<\/p>\n\n\n\n<p>A primera vista el Presupuesto de Egresos y la Ley de Ingresos muestran un escenario con el objetivo de reducir el d\u00e9ficit, pero es claro que los esfuerzos son insuficientes, dijo el CEESP.<\/p>\n\n\n\n<p>\u201cApoyar el aumento de los ingresos con medidas recaudatorias, en lugar de un mayor ritmo de crecimiento y mantener el incremento del gasto como consecuencia de mayores programas sociales, podr\u00eda no ser un escenario estable para el mediano y largo plazo\u201d, agreg\u00f3 el ente de investigaci\u00f3n.<\/p>\n\n\n\n<p>Se\u00f1al\u00f3 que la econom\u00eda mexicana seguir\u00e1 mostrando resiliencia gracias a la fortaleza del consumo de los hogares, la inversi\u00f3n nacional y la posici\u00f3n estrat\u00e9gica del pa\u00eds en las cadenas globales de valor.&nbsp;<\/p>\n\n\n\n<p>\u201cHay un debilitamiento econ\u00f3mico que podr\u00eda extenderse el pr\u00f3ximo a\u00f1o, lo que parece estar en l\u00ednea con el bajo ritmo de crecimiento que se prev\u00e9 a pesar de su modesta correcci\u00f3n al alza por parte de las autoridades\u201d, expres\u00f3.<\/p>\n\n\n\n<p>El 8 de septiembre de 2025, la Secretar\u00eda de Hacienda present\u00f3 los Criterios Generales de Pol\u00edtica Econ\u00f3mica 2026, as\u00ed como mostr\u00f3 la actualizaci\u00f3n del marco macroecon\u00f3mico y la evoluci\u00f3n de las finanzas p\u00fablicas para 2026.<\/p>\n\n\n\n<p>\u201cUn aspecto que resalta de este documento es que el gobierno mantiene un pron\u00f3stico de crecimiento que contrasta con las se\u00f1ales de un debilitamiento de la actividad econ\u00f3mica\u201d, expuso el Centro de Estudios Econ\u00f3micos del Sector Privado.<\/p>\n\n\n\n<p>El marco macroecon\u00f3mico para 2026 prev\u00e9 que la econom\u00eda crecer\u00e1 en un rango de entre 1.8 por ciento a 2.8 por ciento, para un avance puntual de 2.3 por ciento, \u201clo que difiere de las estimaciones de los especialistas que anticipan que la econom\u00eda crecer\u00e1 s\u00f3lo 1.3 por ciento\u201d.<\/p>\n\n\n\n<p>En cuanto a las cifras de finanzas p\u00fablicas se puede decir que a\u00fan hay preocupaci\u00f3n por su sostenibilidad, indic\u00f3.<\/p>\n\n\n\n<p>\u201cSe esperaba un mayor esfuerzo de las autoridades para lograr reducir en mayor medida el d\u00e9ficit del sector p\u00fablico\u201d, destac\u00f3.<\/p>\n\n\n\n<p>En este sentido sobresale el hecho de que a\u00fan no se alcanza el objetivo inicial para 2025 de reducir el d\u00e9ficit a 3.9 por ciento del PIB, despu\u00e9s de que en 2024 fue de 5.7 por ciento, detall\u00f3.<\/p>\n\n\n\n<p>A\u00f1adi\u00f3 que se observa un avance en este sentido, la estimaci\u00f3n del d\u00e9ficit se mantiene por arriba del 4 por ciento, tanto para el presente a\u00f1o como para el siguiente.<\/p>\n\n\n\n<p>Para 2025 se espera que represente el 4.3 por ciento del producto interno bruto y para el 2026 el 4.1 por ciento, precis\u00f3.<\/p>\n\n\n\n<p>A pesar de los esfuerzos de las autoridades hacendarias para lograr reducir el desbalance del sector p\u00fablico, lo restringido de las fuentes de ingresos y la creciente necesidad de recursos est\u00e1n limitando la consolidaci\u00f3n fiscal, expres\u00f3 el Centro de Estudios Econ\u00f3micos del Sector Privado.<\/p>\n\n\n\n<p>(Informaci\u00f3n de \u201cForbes M\u00e9xico)<\/p>\n","protected":false},"excerpt":{"rendered":"<p>Redacci\u00f3n\/Zona Roja Cdmx. Ciudad de M\u00e9xico, a 17 de septiembre de 2025.- El Centro de&hellip;<\/p>\n","protected":false},"author":2,"featured_media":81954,"comment_status":"closed","ping_status":"open","sticky":false,"template":"","format":"standard","meta":{"_lmt_disableupdate":"","_lmt_disable":"","_jetpack_memberships_contains_paid_content":false,"footnotes":""},"categories":[109,47],"tags":[3370],"class_list":["post-84762","post","type-post","status-publish","format-standard","has-post-thumbnail","hentry","category-minuto-a-minuto","category-zona-gris","tag-claudia-sheinbaum"],"jetpack_featured_media_url":"https:\/\/zonaroja.com.mx\/wp-content\/uploads\/2025\/07\/Deuda-publica-Mexico.webp","jetpack_sharing_enabled":true,"_links":{"self":[{"href":"https:\/\/zonaroja.com.mx\/index.php?rest_route=\/wp\/v2\/posts\/84762","targetHints":{"allow":["GET"]}}],"collection":[{"href":"https:\/\/zonaroja.com.mx\/index.php?rest_route=\/wp\/v2\/posts"}],"about":[{"href":"https:\/\/zonaroja.com.mx\/index.php?rest_route=\/wp\/v2\/types\/post"}],"author":[{"embeddable":true,"href":"https:\/\/zonaroja.com.mx\/index.php?rest_route=\/wp\/v2\/users\/2"}],"replies":[{"embeddable":true,"href":"https:\/\/zonaroja.com.mx\/index.php?rest_route=%2Fwp%2Fv2%2Fcomments&post=84762"}],"version-history":[{"count":1,"href":"https:\/\/zonaroja.com.mx\/index.php?rest_route=\/wp\/v2\/posts\/84762\/revisions"}],"predecessor-version":[{"id":84763,"href":"https:\/\/zonaroja.com.mx\/index.php?rest_route=\/wp\/v2\/posts\/84762\/revisions\/84763"}],"wp:featuredmedia":[{"embeddable":true,"href":"https:\/\/zonaroja.com.mx\/index.php?rest_route=\/wp\/v2\/media\/81954"}],"wp:attachment":[{"href":"https:\/\/zonaroja.com.mx\/index.php?rest_route=%2Fwp%2Fv2%2Fmedia&parent=84762"}],"wp:term":[{"taxonomy":"category","embeddable":true,"href":"https:\/\/zonaroja.com.mx\/index.php?rest_route=%2Fwp%2Fv2%2Fcategories&post=84762"},{"taxonomy":"post_tag","embeddable":true,"href":"https:\/\/zonaroja.com.mx\/index.php?rest_route=%2Fwp%2Fv2%2Ftags&post=84762"}],"curies":[{"name":"wp","href":"https:\/\/api.w.org\/{rel}","templated":true}]}}