{"id":84767,"date":"2025-09-17T19:19:51","date_gmt":"2025-09-18T01:19:51","guid":{"rendered":"https:\/\/zonaroja.com.mx\/?p=84767"},"modified":"2025-09-17T19:19:53","modified_gmt":"2025-09-18T01:19:53","slug":"hijas-de-desaparecido-de-amoltepec-clama-ayuda-intensifican-busqueda","status":"publish","type":"post","link":"https:\/\/zonaroja.com.mx\/?p=84767","title":{"rendered":"Hijas de desaparecido de Amoltepec clama ayuda; intensifican b\u00fasqueda"},"content":{"rendered":"\n<p>Ismael Garc\u00eda M.\/Zona Roja.<\/p>\n\n\n\n<p>Oaxaca, Oax., a 17 de septiembre de 2025.- Las hijas del se\u00f1or Jos\u00e9 Santiago Guti\u00e9rrez, desaparecido desde el pasado domingo, clamaron una mayor ayuda a las autoridades para localizar al originario de Santiago Amoltepec.<\/p>\n\n\n\n<p>\u201cLe hago el llamado en\u00e9rgico al Gobierno del Estado, para que agilice la recuperaci\u00f3n del cuerpo de mi padre y que paguen los responsables de este echo cobarde e inhumano, mi padre Jos\u00e9 Santiago Gutierrez era un se\u00f1or de la &nbsp;tercera edad, no cargaba armas, \u00bfpor qu\u00e9 lo mataron?<\/p>\n\n\n\n<p>\u201cNo les deseo el dolor de no saber que ha pasado con su familiar, \u00a1Zaniza lo mat\u00f3!, &nbsp;\u00bfpara qu\u00e9 desaparecieron el cuerpo?, &nbsp;nada hubiera pasado a mayores si ellos hubieran dejado que di\u00e9ramos cristiana sepultura a mi pap\u00e1\u201d, expusieron a trav\u00e9s de una misiva.<\/p>\n\n\n\n<p>Reprocharon que la autoridad estatal les pida paciencia, cuando ya suman cuatro d\u00edas de la desaparici\u00f3n, \u201ccuatro d\u00edas y tres noches que no sabemos nada de mi papacito, Zaniza lo desapareci\u00f3, no hay detenidos hasta el momento, \u00bfqui\u00e9n es responsable?\u201d.<\/p>\n\n\n\n<p>ADVIRTIERON DE VIOLENCIA<\/p>\n\n\n\n<p>Por otra parte, en un comunicado dirigido al noticiario \u201cM\u00e1xima de Tlaxiaco\u201d, que dirige el periodista H\u00e9ctor Acevedo, las autoridades de Santiago Amoltepec hicieron un recuento de los recientes hechos violentos, en que ya hab\u00edan advertido de los ataques.<\/p>\n\n\n\n<p>Desde el 19 de mayo pasado, un grupo de pobladores de Santa Mar\u00eda Zaniza agredi\u00f3 a un grupo de j\u00f3venes de Amoltepec en inmediaciones de R\u00edo Algod\u00f3n.<\/p>\n\n\n\n<p>Como pudieron, escaparon pero se qued\u00f3 en la zona una camioneta marca Nissan en la que se trasladaban; esa misma noche, sus vecinos trozaron el camino.<\/p>\n\n\n\n<p>En diversas ocasiones han trozado el alambre de los potreros con ganado de Amoltepec, principalmente en R\u00edo Ciruelo; el 21 de agosto retuvieron una camioneta tipo Urvan donde viajaban menores de edad adem\u00e1s de adultos, a quienes encarcelaron y por quienes ped\u00edan un pago de 100 mil pesos.<\/p>\n\n\n\n<p>El domingo 14 de septiembre reanudaron las hostilidades, en que fue retenido y probablemente asesinado el se\u00f1or Jos\u00e9 Santiago Guti\u00e9rrez, cuando se dirig\u00eda al paraje R\u00edo Algod\u00f3n.<\/p>\n\n\n\n<p>El 15 de septiembre decidieron acudir a Zaniza en busca de la persona pero fueron agredidos a balazos, donde hirieron a los se\u00f1ores Guadalupe Mata y Felipe Yesca.<\/p>\n","protected":false},"excerpt":{"rendered":"<p>Ismael Garc\u00eda M.\/Zona Roja. Oaxaca, Oax., a 17 de septiembre de 2025.- Las hijas del&hellip;<\/p>\n","protected":false},"author":2,"featured_media":84768,"comment_status":"closed","ping_status":"open","sticky":false,"template":"","format":"standard","meta":{"_lmt_disableupdate":"","_lmt_disable":"","_jetpack_memberships_contains_paid_content":false,"footnotes":""},"categories":[109,47],"tags":[141,860],"class_list":["post-84767","post","type-post","status-publish","format-standard","has-post-thumbnail","hentry","category-minuto-a-minuto","category-zona-gris","tag-santa-maria-zaniza","tag-santiago-amoltepec"],"jetpack_featured_media_url":"https:\/\/zonaroja.com.mx\/wp-content\/uploads\/2025\/09\/Desaparecido-Santiago-Amoltepec.jpg","jetpack_sharing_enabled":true,"_links":{"self":[{"href":"https:\/\/zonaroja.com.mx\/index.php?rest_route=\/wp\/v2\/posts\/84767","targetHints":{"allow":["GET"]}}],"collection":[{"href":"https:\/\/zonaroja.com.mx\/index.php?rest_route=\/wp\/v2\/posts"}],"about":[{"href":"https:\/\/zonaroja.com.mx\/index.php?rest_route=\/wp\/v2\/types\/post"}],"author":[{"embeddable":true,"href":"https:\/\/zonaroja.com.mx\/index.php?rest_route=\/wp\/v2\/users\/2"}],"replies":[{"embeddable":true,"href":"https:\/\/zonaroja.com.mx\/index.php?rest_route=%2Fwp%2Fv2%2Fcomments&post=84767"}],"version-history":[{"count":1,"href":"https:\/\/zonaroja.com.mx\/index.php?rest_route=\/wp\/v2\/posts\/84767\/revisions"}],"predecessor-version":[{"id":84769,"href":"https:\/\/zonaroja.com.mx\/index.php?rest_route=\/wp\/v2\/posts\/84767\/revisions\/84769"}],"wp:featuredmedia":[{"embeddable":true,"href":"https:\/\/zonaroja.com.mx\/index.php?rest_route=\/wp\/v2\/media\/84768"}],"wp:attachment":[{"href":"https:\/\/zonaroja.com.mx\/index.php?rest_route=%2Fwp%2Fv2%2Fmedia&parent=84767"}],"wp:term":[{"taxonomy":"category","embeddable":true,"href":"https:\/\/zonaroja.com.mx\/index.php?rest_route=%2Fwp%2Fv2%2Fcategories&post=84767"},{"taxonomy":"post_tag","embeddable":true,"href":"https:\/\/zonaroja.com.mx\/index.php?rest_route=%2Fwp%2Fv2%2Ftags&post=84767"}],"curies":[{"name":"wp","href":"https:\/\/api.w.org\/{rel}","templated":true}]}}