{"id":84774,"date":"2025-09-17T21:55:32","date_gmt":"2025-09-18T03:55:32","guid":{"rendered":"https:\/\/zonaroja.com.mx\/?p=84774"},"modified":"2025-09-17T21:55:35","modified_gmt":"2025-09-18T03:55:35","slug":"reitera-zaniza-exigencia-por-seguridad-ante-conflicto-con-amoltepec","status":"publish","type":"post","link":"https:\/\/zonaroja.com.mx\/?p=84774","title":{"rendered":"Reitera Zaniza exigencia por seguridad ante conflicto con Amoltepec"},"content":{"rendered":"\n<p>Lisbeth Mej\u00eda Reyes\/Zona Roja.<\/p>\n\n\n\n<p>Oaxaca, Oax., a 17 de septiembre de 2025.- Mujeres de Santa Mar\u00eda Zaniza reiteraron su exigencia de seguridad y justicia a las autoridades estatales y federales ante el conflicto que persiste con la comunidad de Santiago Amoltepec, en la regi\u00f3n Sierra Sur de Oaxaca.<\/p>\n\n\n\n<p>A trav\u00e9s diversos videos difundidos en los \u00faltimos d\u00edas, las mujeres de Zaniza se\u00f1alaron como responsable de las agresiones a habitantes de Santiago Amoltepec y que hasta el momento no han contado con el respaldo de la autoridad estatal.&nbsp;<\/p>\n\n\n\n<p>Tambi\u00e9n externaron que desde el domingo, cuando estall\u00f3 el conflicto, sus hijos, maridos y dem\u00e1s familiares hombres est\u00e1n retenidos en el paraje R\u00edo Algod\u00f3n, donde se gener\u00f3 el enfrentamiento.<\/p>\n\n\n\n<p>\u00abNo queremos vivir lo que en el 86\u00bb, exclam\u00f3 una de las mujeres en en los videos, en referencia al a\u00f1o en el que perdieron la vida 28 de los suyos.<\/p>\n\n\n\n<p>Con un llamado al gobernador Salom\u00f3n Jara Cruz y a la presidenta Claudia Sheinbaum, las mujeres demandaron garant\u00edas para su seguridad y la b\u00fasqueda de sus familiares, de quienes desconocen su estado de salud.<\/p>\n\n\n\n<p>Hasta ahora, el gobierno estatal no ha confirmado si existen personas asesinadas o desaparecidas de parte de Santa Mar\u00eda Zaniza.&nbsp;<\/p>\n\n\n\n<p>Aunque s\u00ed ha se\u00f1alado que de Amoltepec hay un muerto, dos lesionados y un desaparecido.<\/p>\n\n\n\n<p>Sobre este \u00faltimo, Jos\u00e9 Santiago Guti\u00e9rrez, de 62 a\u00f1os de edad, la Fiscal\u00eda General del Estado de Oaxaca (FGEO) inform\u00f3 hoy que se desarrolla un operativo de b\u00fasqueda.<\/p>\n\n\n\n<p>\u00abLa FGEO tuvo conocimiento de que Jos\u00e9 Santiago Guti\u00e9rrez fue visto por \u00faltima vez el 14 de septiembre de 2025 en el paraje denominado \u2018R\u00edo Algod\u00f3n\u2019, perteneciente a Santiago Amoltepec.&nbsp;<\/p>\n\n\n\n<p>\u00abDerivado de ello, el organismo procurador de justicia, en colaboraci\u00f3n con la Comisi\u00f3n Estatal de B\u00fasqueda, la Guardia Nacional, la Polic\u00eda Estatal, la Coordinaci\u00f3n de Delegados de Paz de la Secretar\u00eda de Gobierno y la Direcci\u00f3n General del Hangar, pusieron en marcha un operativo interinstitucional con el objetivo de dar con su paradero\u00bb, se\u00f1al\u00f3.<\/p>\n\n\n\n<p>La noche del 15 de septiembre, el secretario de Gobierno, Jes\u00fas Romero L\u00f3pez, asegur\u00f3 que se est\u00e1 atendiendo el conflicto, del cual dijo que lleva varios a\u00f1os y se trata de un asunto de l\u00edmites. Incluso, expuso que hab\u00eda un acuerdo firmado entre ambos municipios para evitar la confrontaci\u00f3n.<\/p>\n","protected":false},"excerpt":{"rendered":"<p>Lisbeth Mej\u00eda Reyes\/Zona Roja. Oaxaca, Oax., a 17 de septiembre de 2025.- Mujeres de Santa&hellip;<\/p>\n","protected":false},"author":2,"featured_media":84771,"comment_status":"closed","ping_status":"open","sticky":false,"template":"","format":"standard","meta":{"_lmt_disableupdate":"","_lmt_disable":"","_jetpack_memberships_contains_paid_content":false,"footnotes":""},"categories":[109,47],"tags":[141,860],"class_list":["post-84774","post","type-post","status-publish","format-standard","has-post-thumbnail","hentry","category-minuto-a-minuto","category-zona-gris","tag-santa-maria-zaniza","tag-santiago-amoltepec"],"jetpack_featured_media_url":"https:\/\/zonaroja.com.mx\/wp-content\/uploads\/2025\/09\/Mujeres-Santa-Maria-Zaniza.jpg","jetpack_sharing_enabled":true,"_links":{"self":[{"href":"https:\/\/zonaroja.com.mx\/index.php?rest_route=\/wp\/v2\/posts\/84774","targetHints":{"allow":["GET"]}}],"collection":[{"href":"https:\/\/zonaroja.com.mx\/index.php?rest_route=\/wp\/v2\/posts"}],"about":[{"href":"https:\/\/zonaroja.com.mx\/index.php?rest_route=\/wp\/v2\/types\/post"}],"author":[{"embeddable":true,"href":"https:\/\/zonaroja.com.mx\/index.php?rest_route=\/wp\/v2\/users\/2"}],"replies":[{"embeddable":true,"href":"https:\/\/zonaroja.com.mx\/index.php?rest_route=%2Fwp%2Fv2%2Fcomments&post=84774"}],"version-history":[{"count":1,"href":"https:\/\/zonaroja.com.mx\/index.php?rest_route=\/wp\/v2\/posts\/84774\/revisions"}],"predecessor-version":[{"id":84775,"href":"https:\/\/zonaroja.com.mx\/index.php?rest_route=\/wp\/v2\/posts\/84774\/revisions\/84775"}],"wp:featuredmedia":[{"embeddable":true,"href":"https:\/\/zonaroja.com.mx\/index.php?rest_route=\/wp\/v2\/media\/84771"}],"wp:attachment":[{"href":"https:\/\/zonaroja.com.mx\/index.php?rest_route=%2Fwp%2Fv2%2Fmedia&parent=84774"}],"wp:term":[{"taxonomy":"category","embeddable":true,"href":"https:\/\/zonaroja.com.mx\/index.php?rest_route=%2Fwp%2Fv2%2Fcategories&post=84774"},{"taxonomy":"post_tag","embeddable":true,"href":"https:\/\/zonaroja.com.mx\/index.php?rest_route=%2Fwp%2Fv2%2Ftags&post=84774"}],"curies":[{"name":"wp","href":"https:\/\/api.w.org\/{rel}","templated":true}]}}