{"id":84779,"date":"2025-09-18T07:17:00","date_gmt":"2025-09-18T13:17:00","guid":{"rendered":"https:\/\/zonaroja.com.mx\/?p=84779"},"modified":"2025-09-18T06:19:28","modified_gmt":"2025-09-18T12:19:28","slug":"cambia-de-ruta-avion-que-trae-de-paraguay-a-ex-secretario-de-seguridad-de-tabasco","status":"publish","type":"post","link":"https:\/\/zonaroja.com.mx\/?p=84779","title":{"rendered":"Cambia de ruta avi\u00f3n que trae de Paraguay a ex secretario de Seguridad de Tabasco"},"content":{"rendered":"\n<p>Redacci\u00f3n\/Zona Roja Cdmx.<\/p>\n\n\n\n<p>Ciudad de M\u00e9xico, a 18 de septiembre de 2025.- El avi\u00f3n que traer\u00e1 de regreso a M\u00e9xico a Hern\u00e1n Berm\u00fadez desde Paraguay hizo un cambio en su itinerario, con una parada en Bogot\u00e1, Colombia.<\/p>\n\n\n\n<p>La informaci\u00f3n dada a conocer por FlightAware indica que el vuelo en el que viene Hern\u00e1n Berm\u00fadez, exsecretario de Seguridad de Tabasco, parti\u00f3 desde Asunci\u00f3n, Paraguay, cerca de las 17:03 horas, tiempo local.<\/p>\n\n\n\n<p>Sin embargo, cerca de las 20:33 horas, el vuelo aterriz\u00f3 en Bogot\u00e1, Colombia, donde se espera que permanezca durante las primeras horas de este jueves 18 de septiembre para finalmente partir hacia M\u00e9xico.<\/p>\n\n\n\n<p>La informaci\u00f3n de FlightAware indica que Hern\u00e1n Berm\u00fadez saldr\u00e1 cerca de las 7:20 horas de este jueves (tiempo local) de Bogot\u00e1, Colombia.<\/p>\n\n\n\n<p>Se espera que llegue al Aeropuerto Internacional de Tapachula, Chiapas, cerca de las 10:37 horas, tiempo del sureste de M\u00e9xico.<\/p>\n\n\n\n<p>Sin embargo, no se prev\u00e9 que Hern\u00e1n Berm\u00fadez baje del avi\u00f3n Canadair Challenger de la Fiscal\u00eda General de la Rep\u00fablica, sino que es posible que el viaje contin\u00fae con un nuevo vuelo hasta el Aeropuerto Internacional de Toluca, en el Estado de M\u00e9xico, y que posteriormente sea trasladado al Ministerio P\u00fablico.<\/p>\n\n\n\n<p>DETENIDO Y EXPULSADO<\/p>\n\n\n\n<p>La expulsi\u00f3n de Hern\u00e1n Berm\u00fadez Requena de Paraguay ocurre cinco d\u00edas despu\u00e9s de su detenci\u00f3n en una zona de viviendas exclusivas al norte de Asunci\u00f3n, donde fue encontrado con dinero y joyas, en una casa lujosa.<\/p>\n\n\n\n<p>El exsecretario de Seguridad de Tabasco, y aliado de Ad\u00e1n Augusto L\u00f3pez, es se\u00f1alado de ser el l\u00edder del c\u00e1rtel de \u2018La Barredora\u2019, as\u00ed como de fortalecer sus actividades criminales durante su gesti\u00f3n como titular de Seguridad en la entidad.<\/p>\n\n\n\n<p>Tras su detenci\u00f3n y su primera audiencia, Hern\u00e1n Berm\u00fadez rechaz\u00f3 la extradici\u00f3n simplificada a M\u00e9xico; sin embargo, antes de que se lograra por la v\u00eda legal, el gobierno paraguayo confirm\u00f3 su expulsi\u00f3n y present\u00f3 im\u00e1genes de c\u00f3mo era el proceso para sacarlo de Paraguay, donde Berm\u00fadez presuntamente intent\u00f3 formar una nueva red criminal.<\/p>\n\n\n\n<p>En un video difundido por la Secretar\u00eda Antidrogas, el director de Migraciones de Paraguay, Jorge Kronawetter, inform\u00f3 a Berm\u00fadez Requena que, con la decisi\u00f3n del juez, se cerr\u00f3 el proceso iniciado a ra\u00edz del pedido de extradici\u00f3n de M\u00e9xico y le comunic\u00f3 que ser\u00eda entregado a dos funcionarios de su pa\u00eds.<\/p>\n\n\n\n<p>\u201cAl tener usted un ingreso irregular al pa\u00eds, al no haber realizado el tr\u00e1mite de estad\u00eda regular, entonces, queda abierta la posibilidad de una expulsi\u00f3n, que es lo que yo estoy decidiendo en este momento\u201d, se\u00f1al\u00f3 Kronawetter.<\/p>\n\n\n\n<p>El titular de la Senad, Jalil Rachid, explic\u00f3 al canal NPY que Berm\u00fadez Requena entr\u00f3 \u201cde manera clandestina\u201d a territorio paraguayo por la localidad de Ciudad del Este, fronteriza con Brasil, pa\u00eds a donde el extranjero lleg\u00f3 procedente de Panam\u00e1, luego de haber abandonado M\u00e9xico.<\/p>\n\n\n\n<p>(Con informaci\u00f3n de EFE, en \u201cEl Financiero\u201d)<\/p>\n","protected":false},"excerpt":{"rendered":"<p>Redacci\u00f3n\/Zona Roja Cdmx. Ciudad de M\u00e9xico, a 18 de septiembre de 2025.- El avi\u00f3n que&hellip;<\/p>\n","protected":false},"author":2,"featured_media":84780,"comment_status":"closed","ping_status":"open","sticky":false,"template":"","format":"standard","meta":{"_lmt_disableupdate":"","_lmt_disable":"","_jetpack_memberships_contains_paid_content":false,"footnotes":""},"categories":[109,47],"tags":[4357],"class_list":["post-84779","post","type-post","status-publish","format-standard","has-post-thumbnail","hentry","category-minuto-a-minuto","category-zona-gris","tag-hernan-bermudez-requena"],"jetpack_featured_media_url":"https:\/\/zonaroja.com.mx\/wp-content\/uploads\/2025\/09\/Hernan-Bermudez-Paraguay.jpeg","jetpack_sharing_enabled":true,"_links":{"self":[{"href":"https:\/\/zonaroja.com.mx\/index.php?rest_route=\/wp\/v2\/posts\/84779","targetHints":{"allow":["GET"]}}],"collection":[{"href":"https:\/\/zonaroja.com.mx\/index.php?rest_route=\/wp\/v2\/posts"}],"about":[{"href":"https:\/\/zonaroja.com.mx\/index.php?rest_route=\/wp\/v2\/types\/post"}],"author":[{"embeddable":true,"href":"https:\/\/zonaroja.com.mx\/index.php?rest_route=\/wp\/v2\/users\/2"}],"replies":[{"embeddable":true,"href":"https:\/\/zonaroja.com.mx\/index.php?rest_route=%2Fwp%2Fv2%2Fcomments&post=84779"}],"version-history":[{"count":1,"href":"https:\/\/zonaroja.com.mx\/index.php?rest_route=\/wp\/v2\/posts\/84779\/revisions"}],"predecessor-version":[{"id":84781,"href":"https:\/\/zonaroja.com.mx\/index.php?rest_route=\/wp\/v2\/posts\/84779\/revisions\/84781"}],"wp:featuredmedia":[{"embeddable":true,"href":"https:\/\/zonaroja.com.mx\/index.php?rest_route=\/wp\/v2\/media\/84780"}],"wp:attachment":[{"href":"https:\/\/zonaroja.com.mx\/index.php?rest_route=%2Fwp%2Fv2%2Fmedia&parent=84779"}],"wp:term":[{"taxonomy":"category","embeddable":true,"href":"https:\/\/zonaroja.com.mx\/index.php?rest_route=%2Fwp%2Fv2%2Fcategories&post=84779"},{"taxonomy":"post_tag","embeddable":true,"href":"https:\/\/zonaroja.com.mx\/index.php?rest_route=%2Fwp%2Fv2%2Ftags&post=84779"}],"curies":[{"name":"wp","href":"https:\/\/api.w.org\/{rel}","templated":true}]}}